{"id":93405,"date":"2026-08-10T23:19:43","date_gmt":"2026-08-10T21:19:43","guid":{"rendered":"https:\/\/ecobnb.it\/blog\/?p=93405"},"modified":"2026-08-18T17:10:21","modified_gmt":"2026-08-18T15:10:21","slug":"bilbao-guggenheim-viaggio-sostenibile-costa-citta","status":"publish","type":"post","link":"https:\/\/ecobnb.it\/blog\/2026\/08\/bilbao-guggenheim-viaggio-sostenibile-costa-citta\/","title":{"rendered":"Bilbao oltre il Guggenheim: un viaggio sostenibile dalla costa alla citt\u00e0"},"content":{"rendered":"\n<p>La maggior parte dei turisti arriva a Bilbao per il Guggenheim. Noi siamo arrivati per la <strong>costa<\/strong>. Pi\u00f9 precisamente, siamo arrivati a <strong>Sopelana<\/strong>, una piccola localit\u00e0 sul mare a nord di <strong>Bilbao<\/strong>, attratti dalle sue spiagge, dalle spettacolari scogliere e dalle onde dell&#8217;Atlantico, perfette per il <strong>surf<\/strong>. Appassionati di questo sport, era naturale scegliere un luogo dove il mare fosse protagonista.<\/p>\n\n\n\n<figure class=\"wp-block-image size-full\"><img decoding=\"async\" width=\"870\" height=\"490\" src=\"https:\/\/ecobnb.it\/blog\/app\/uploads\/sites\/2\/2026\/08\/5.jpg\" alt=\"Onde sulla spiaggia di Sopelana, surfista con tavola da surf e surf al tramonto sulla costa basca.\" class=\"wp-image-93414\" srcset=\"https:\/\/ecobnb.it\/blog\/app\/uploads\/sites\/2\/2026\/08\/5.jpg 870w, https:\/\/ecobnb.it\/blog\/app\/uploads\/sites\/2\/2026\/08\/5-536x302.jpg 536w, https:\/\/ecobnb.it\/blog\/app\/uploads\/sites\/2\/2026\/08\/5-768x433.jpg 768w, https:\/\/ecobnb.it\/blog\/app\/uploads\/sites\/2\/2026\/08\/5-570x320.jpg 570w, https:\/\/ecobnb.it\/blog\/app\/uploads\/sites\/2\/2026\/08\/5-344x194.jpg 344w\" sizes=\"(max-width: 870px) 100vw, 870px\" \/><figcaption class=\"wp-element-caption\">Collage dedicato al surf a Sopelana: le onde dell\u2019Atlantico, un surfista con la tavola sulla spiaggia e surf al tramonto sulla costa basca. Foto di Silvia Ombellini<\/figcaption><\/figure>\n\n\n\n<p>Quello che non immaginavamo era quanto Sopelana sarebbe diventata una base perfetta per esplorare non solo la costa, ma anche <strong>Bilbao<\/strong>. Siamo rimasti quasi tre settimane, con il nostro cane, e non ci siamo mai annoiati. Ogni giorno poteva essere diverso: una mattina sulla spiaggia, un\u2019escursione lungo le scogliere, un giro in bicicletta, una nuova caletta da scoprire oppure una giornata a Bilbao. E per raggiungere la citt\u00e0 non serviva l\u2019auto: la metropolitana collega Sopelana con Bilbao in circa 35 minuti, con corse molto frequenti (ogni 10 minuti di giorno, ogni 20 minuti di notte durante i weekend).<\/p>\n\n\n\n<p>\u00c8 stata proprio questa combinazione a farci capire quanto sia interessante questa parte dei <a href=\"https:\/\/ecobnb.it\/blog\/2024\/08\/paesi-baschi-vacanza-sostenibile\/\" type=\"post\" id=\"80604\" target=\"_blank\" rel=\"noreferrer noopener\">Paesi Baschi Spagnoli<\/a> per una vacanza pi\u00f9 lenta e sostenibile: <strong>si pu\u00f2 vivere il mare e la natura senza rinunciare alla cultura e alla vita urbana, utilizzando i mezzi pubblici per spostarsi tra i due mondi.<\/strong><\/p>\n\n\n\n<p>Invece di visitare Bilbao in un weekend, correndo da un\u2019attrazione all\u2019altra, perch\u00e9 non <strong>fermarsi pi\u00f9 a lungo<\/strong> e lasciare che sia il territorio a dettare il ritmo del viaggio?<\/p>\n\n\n\n<h2 class=\"wp-block-heading\">Sopelana, tra surf, spiagge e scogliere<\/h2>\n\n\n\n<figure class=\"wp-block-image size-full\"><img decoding=\"async\" width=\"870\" height=\"490\" src=\"https:\/\/ecobnb.it\/blog\/app\/uploads\/sites\/2\/2026\/08\/1.jpg\" alt=\"Collage della costa di Sopelana con lungomare, scogliere e sentieri verdi affacciati sull\u2019Atlantico.\" class=\"wp-image-93410\" srcset=\"https:\/\/ecobnb.it\/blog\/app\/uploads\/sites\/2\/2026\/08\/1.jpg 870w, https:\/\/ecobnb.it\/blog\/app\/uploads\/sites\/2\/2026\/08\/1-536x302.jpg 536w, https:\/\/ecobnb.it\/blog\/app\/uploads\/sites\/2\/2026\/08\/1-768x433.jpg 768w, https:\/\/ecobnb.it\/blog\/app\/uploads\/sites\/2\/2026\/08\/1-570x320.jpg 570w, https:\/\/ecobnb.it\/blog\/app\/uploads\/sites\/2\/2026\/08\/1-344x194.jpg 344w\" sizes=\"(max-width: 870px) 100vw, 870px\" \/><figcaption class=\"wp-element-caption\">Collage di paesaggi costieri di Sopelana: il lungomare, le alte scogliere e i sentieri verdi che seguono la costa basca, tra natura e panorami sull\u2019Oceano Atlantico. Foto di Silvia Ombellini<\/figcaption><\/figure>\n\n\n\n<p>Sopelana \u00e8 molto diversa da Bilbao, ed \u00e8 proprio questo il suo punto di forza.<\/p>\n\n\n\n<p>Le spiagge di <strong>Arrietara\u2013Atxabiribil, Barinatxe-La Salvaje e Menakoz<\/strong> sono circondate da alte scogliere e prati verdi e attirano surfisti da tutta Europa.<\/p>\n\n\n\n<p>Per noi il surf era naturalmente una delle principali attrazioni. Ma non bisogna essere appassionati di questo sport per apprezzare il <strong>paesaggio<\/strong>. Si pu\u00f2 camminare lungo le scogliere, <strong>andare in bicicletta<\/strong> tra i punti panoramici della costa, <a href=\"https:\/\/ecobnb.it\/blog\/2020\/06\/birdwatching-consigli-principianti\/\" type=\"post\" id=\"51500\" target=\"_blank\" rel=\"noreferrer noopener\">osservare gli uccelli marini<\/a> o semplicemente fermarsi a guardare l\u2019Atlantico.<\/p>\n\n\n\n<p>Una delle cose che ho amato di pi\u00f9 \u00e8 stata proprio la possibilit\u00e0 di tornare pi\u00f9 volte negli stessi luoghi. <strong>La costa cambia continuamente con le maree<\/strong>, il vento e la luce. Una spiaggia visitata al mattino pu\u00f2 sembrare completamente diversa la sera. Questo \u00e8 uno dei motivi per cui una vacanza pi\u00f9 lunga pu\u00f2 essere cos\u00ec piacevole: <strong>non c\u2019\u00e8 bisogno di vedere tutto in una volta<\/strong>.<\/p>\n\n\n\n<h2 class=\"wp-block-heading\">Camminare lungo la costa fino a Getxo<\/h2>\n\n\n\n<figure class=\"wp-block-image size-full\"><img decoding=\"async\" width=\"870\" height=\"490\" src=\"https:\/\/ecobnb.it\/blog\/app\/uploads\/sites\/2\/2026\/08\/2.jpg\" alt=\"Collage di sentiero panoramico sul mare verso Getxo, faro sulla costa e persone che camminano lungo il percorso.\" class=\"wp-image-93411\" srcset=\"https:\/\/ecobnb.it\/blog\/app\/uploads\/sites\/2\/2026\/08\/2.jpg 870w, https:\/\/ecobnb.it\/blog\/app\/uploads\/sites\/2\/2026\/08\/2-536x302.jpg 536w, https:\/\/ecobnb.it\/blog\/app\/uploads\/sites\/2\/2026\/08\/2-768x433.jpg 768w, https:\/\/ecobnb.it\/blog\/app\/uploads\/sites\/2\/2026\/08\/2-570x320.jpg 570w, https:\/\/ecobnb.it\/blog\/app\/uploads\/sites\/2\/2026\/08\/2-344x194.jpg 344w\" sizes=\"(max-width: 870px) 100vw, 870px\" \/><figcaption class=\"wp-element-caption\">Sentiero panoramico sul mare verso Getxo, con faro e persone che passeggiano lungo la costa basca. Foto di Silvia Ombellini<\/figcaption><\/figure>\n\n\n\n<p><a href=\"https:\/\/ecobnb.it\/itinerari\/sopela-fuerte-galea-itinerario-costa\" type=\"link\" id=\"https:\/\/ecobnb.it\/itinerari\/sopela-fuerte-galea-itinerario-costa\" target=\"_blank\" rel=\"noreferrer noopener\">Uno dei percorsi pi\u00f9 belli parte dalle spiagge di Sopelana e segue la costa verso <strong>Punta Galea e Getxo<\/strong><\/a>. In circa un paio d\u2019ore, a seconda delle soste, si pu\u00f2 raggiungere il <strong>Molino Aixerrota<\/strong>, lo storico mulino a vento affacciato sul mare.<\/p>\n\n\n\n<p>Lungo il percorso ci sono scogliere spettacolari, prati costieri, punti panoramici, uccelli da osservare e spiagge in cui scendere.<\/p>\n\n\n\n<p>\u00c8 un itinerario da vivere lentamente, fermandosi quando il paesaggio lo suggerisce.<\/p>\n\n\n\n<figure class=\"wp-block-image size-full\"><img decoding=\"async\" width=\"870\" height=\"490\" src=\"https:\/\/ecobnb.it\/blog\/app\/uploads\/sites\/2\/2026\/08\/3.jpg\" alt=\"Sentiero verde verso il mare lungo una costa naturale con falesie e rocce tipiche del flysch basco.\" class=\"wp-image-93412\" srcset=\"https:\/\/ecobnb.it\/blog\/app\/uploads\/sites\/2\/2026\/08\/3.jpg 870w, https:\/\/ecobnb.it\/blog\/app\/uploads\/sites\/2\/2026\/08\/3-536x302.jpg 536w, https:\/\/ecobnb.it\/blog\/app\/uploads\/sites\/2\/2026\/08\/3-768x433.jpg 768w, https:\/\/ecobnb.it\/blog\/app\/uploads\/sites\/2\/2026\/08\/3-570x320.jpg 570w, https:\/\/ecobnb.it\/blog\/app\/uploads\/sites\/2\/2026\/08\/3-344x194.jpg 344w\" sizes=\"(max-width: 870px) 100vw, 870px\" \/><figcaption class=\"wp-element-caption\">Camminare nel verde verso il mare tra falesie, sentieri naturali e le caratteristiche rocce di flysch della costa basca. Foto di Silvia Ombellini<\/figcaption><\/figure>\n\n\n\n<p>La costa prosegue poi verso <strong>Getxo<\/strong>, da dove \u00e8 possibile rientrare a Sopelana oppure proseguire verso Bilbao con i mezzi pubblici.<\/p>\n\n\n\n<p>Questi sentieri si inseriscono nel tracciato del <strong><a href=\"https:\/\/ecobnb.it\/blog\/2022\/08\/cammino-santiago-spagna-verde\/\" type=\"post\" id=\"64117\" target=\"_blank\" rel=\"noreferrer noopener\">Cammino del Nord verso Santiago de Compostela<\/a><\/strong>. Non serve percorrerne centinaia di chilometri per assaporare la filosofia del cammino: anche una passeggiata di qualche ora pu\u00f2 diventare un piccolo esercizio di viaggio lento.<\/p>\n\n\n\n<h2 class=\"wp-block-heading\">Una costa sorprendentemente pet-friendly<\/h2>\n\n\n\n<figure class=\"wp-block-image size-full\"><img decoding=\"async\" width=\"870\" height=\"490\" src=\"https:\/\/ecobnb.it\/blog\/app\/uploads\/sites\/2\/2026\/08\/4.jpg\" alt=\"Cane sul prato con vista sul mare, spiaggia sul lungomare e cane in acqua a Sopelana.\" class=\"wp-image-93413\" srcset=\"https:\/\/ecobnb.it\/blog\/app\/uploads\/sites\/2\/2026\/08\/4.jpg 870w, https:\/\/ecobnb.it\/blog\/app\/uploads\/sites\/2\/2026\/08\/4-536x302.jpg 536w, https:\/\/ecobnb.it\/blog\/app\/uploads\/sites\/2\/2026\/08\/4-768x433.jpg 768w, https:\/\/ecobnb.it\/blog\/app\/uploads\/sites\/2\/2026\/08\/4-570x320.jpg 570w, https:\/\/ecobnb.it\/blog\/app\/uploads\/sites\/2\/2026\/08\/4-344x194.jpg 344w\" sizes=\"(max-width: 870px) 100vw, 870px\" \/><figcaption class=\"wp-element-caption\">Sopelana: prati verdi, spiaggia e mare, con il nostro cane che si gode la costa basca. Foto di Silvia Ombellini<\/figcaption><\/figure>\n\n\n\n<p>Viaggiare con un cane pu\u00f2 talvolta complicare la scelta di una destinazione. A Sopelana \u00e8 stato esattamente il contrario.<\/p>\n\n\n\n<p>I cani sono numerosissimi e molti sono straordinariamente educati. \u00c8 abbastanza comune incontrarne alcuni senza guinzaglio, sempre sotto il controllo dei proprietari. <\/p>\n\n\n\n<p>Esistono spiagge pi\u00f9 appartate che sono pet-friendly, come <strong>Me\u00f1akoz hondartza<\/strong>. Sono angoli pi\u00f9 selvaggi e tranquilli, dove spesso si incontrano pochissime persone e dove \u00e8 facile trovare un\u2019atmosfera completamente diversa da quella delle spiagge pi\u00f9 conosciute.<\/p>\n\n\n\n<p>Ma anche nelle spiagge principali si pu\u00f2 accedere con il proprio amico a 4 zampe <strong>dopo le 20<\/strong>. Cos\u00ec, al tramonto la lunga distesa di sabbia di Sopelana si anima di cani che corrono, giocano, zampettano sulla battigia e si tuffano tra le onde insieme ai loro padroni.<\/p>\n\n\n\n<p>Un\u2019immagine semplice, ma perfetta per raccontare lo spirito di Sopelana: <strong>sportivo, informale e profondamente legato alla vita all\u2019aria aperta<\/strong>.<\/p>\n\n\n\n<h2 class=\"wp-block-heading\">San Juan de Gaztelugatxe: la costa da scoprire con calma<\/h2>\n\n\n\n<figure class=\"wp-block-image size-full\"><img decoding=\"async\" width=\"870\" height=\"490\" src=\"https:\/\/ecobnb.it\/blog\/app\/uploads\/sites\/2\/2026\/08\/Sopela-e-Bilbao.jpg\" alt=\"Collage di San Juan de Gaztelugatxe visto da diversi punti panoramici lungo la costa basca.\" class=\"wp-image-93415\" srcset=\"https:\/\/ecobnb.it\/blog\/app\/uploads\/sites\/2\/2026\/08\/Sopela-e-Bilbao.jpg 870w, https:\/\/ecobnb.it\/blog\/app\/uploads\/sites\/2\/2026\/08\/Sopela-e-Bilbao-536x302.jpg 536w, https:\/\/ecobnb.it\/blog\/app\/uploads\/sites\/2\/2026\/08\/Sopela-e-Bilbao-768x433.jpg 768w, https:\/\/ecobnb.it\/blog\/app\/uploads\/sites\/2\/2026\/08\/Sopela-e-Bilbao-570x320.jpg 570w, https:\/\/ecobnb.it\/blog\/app\/uploads\/sites\/2\/2026\/08\/Sopela-e-Bilbao-344x194.jpg 344w\" sizes=\"(max-width: 870px) 100vw, 870px\" \/><figcaption class=\"wp-element-caption\">San Juan de Gaztelugatxe, tra scogliere, mare e sentieri della costa basca. Foto di S. Ombellini<\/figcaption><\/figure>\n\n\n\n<p>Un soggiorno pi\u00f9 lungo permette anche di esplorare altri luoghi della costa basca.<\/p>\n\n\n\n<p>Tra i pi\u00f9 spettacolari c\u2019\u00e8 <strong><a href=\"https:\/\/ecobnb.it\/blog\/2026\/08\/numero-chiuso-protegge-natura-san-juan-de-gaztelugatxe\/\" type=\"post\" id=\"93255\" target=\"_blank\" rel=\"noreferrer noopener\">San Juan de Gaztelugatxe<\/a><\/strong>, l\u2019isolotto roccioso collegato alla terraferma da un ponte di pietra e dominato da un piccolo eremo.<\/p>\n\n\n\n<p>La fama internazionale \u00e8 arrivata anche grazie a <em>Game of Thrones<\/em>, ma il fascino del luogo \u00e8 soprattutto paesaggistico: scogliere, onde, rocce e una <a href=\"https:\/\/ecobnb.es\/itinerary\/san-juan-de-gaztelugatxe-ruta-a-pie\" type=\"link\" id=\"https:\/\/ecobnb.es\/itinerary\/san-juan-de-gaztelugatxe-ruta-a-pie\" target=\"_blank\" rel=\"noreferrer noopener\"><strong>spettacolare scalinata che sale verso l\u2019eremo<\/strong><\/a>.<\/p>\n\n\n\n<p>L\u2019elevato numero di visitatori ha portato all\u2019introduzione di misure per gestire i flussi turistici e, nei periodi di maggiore affluenza, \u00e8 necessario prenotare in anticipo l\u2019accesso gratuito.<\/p>\n\n\n\n<p>Anche questo \u00e8 un esempio di come il turismo sostenibile non significhi soltanto scegliere come spostarsi, ma anche <strong>imparare a visitare i luoghi pi\u00f9 fragili rispettandone i limiti<\/strong>.<\/p>\n\n\n\n<h2 class=\"wp-block-heading\">Dalla costa a Bilbao senza automobile<\/h2>\n\n\n\n<figure class=\"wp-block-image size-full\"><img decoding=\"async\" width=\"870\" height=\"490\" src=\"https:\/\/ecobnb.it\/blog\/app\/uploads\/sites\/2\/2026\/08\/6.jpg\" alt=\"Metro di Bilbao che attraversa un\u2019area verde con il Guggenheim sullo sfondo.\" class=\"wp-image-93416\" srcset=\"https:\/\/ecobnb.it\/blog\/app\/uploads\/sites\/2\/2026\/08\/6.jpg 870w, https:\/\/ecobnb.it\/blog\/app\/uploads\/sites\/2\/2026\/08\/6-536x302.jpg 536w, https:\/\/ecobnb.it\/blog\/app\/uploads\/sites\/2\/2026\/08\/6-768x433.jpg 768w, https:\/\/ecobnb.it\/blog\/app\/uploads\/sites\/2\/2026\/08\/6-570x320.jpg 570w, https:\/\/ecobnb.it\/blog\/app\/uploads\/sites\/2\/2026\/08\/6-344x194.jpg 344w\" sizes=\"(max-width: 870px) 100vw, 870px\" \/><figcaption class=\"wp-element-caption\">La metro attraversa il verde di Bilbao, con il Guggenheim sullo sfondo. Foto di S. Ombellini<\/figcaption><\/figure>\n\n\n\n<p>A un certo punto, dopo giornate trascorse tra spiagge e sentieri, arriva naturalmente il momento di prendere la <strong>metropolitana<\/strong>. Da Sopelana si raggiunge Bilbao in circa 35 minuti, e la frequenza dei treni permette di organizzare la giornata senza dover seguire un programma rigido.<\/p>\n\n\n\n<p><strong>Un consiglio pratico<\/strong>: se prevedete di usare pi\u00f9 volte la metropolitana, conviene acquistare una <strong>Barik<\/strong> anonima e ricaricabile. Si pu\u00f2 comprare direttamente alle macchinette nelle stazioni della metro: la carta costa <strong>3 euro<\/strong> e la ricarica minima \u00e8 di <strong>5 euro<\/strong>. Sulla carta si carica il titolo monedero <strong>Creditrans<\/strong>, dal quale viene scalato automaticamente il costo di ogni viaggio. Nel 2026, per la metropolitana, le tariffe agevolate sono di 1,02 \u20ac, 1,19 \u20ac o 1,30 \u20ac, a seconda delle zone attraversate, contro i 2,00 \u20ac, 2,20 \u20ac o 2,25 \u20ac del biglietto occasionale.<\/p>\n\n\n\n<p>C&#8217;\u00e8 poi un altro vantaggio particolarmente interessante per chi viaggia in famiglia: la Barik anonima pu\u00f2 essere utilizzata dalla stessa persona per pi\u00f9 viaggiatori che si spostano insieme, fino a un massimo di 10 persone. Basta effettuare le validazioni consecutive, sia quando si entra che quando si esce dalla metropolitana.<\/p>\n\n\n\n<p>In pratica, una sola carta pu\u00f2 essere sufficiente per tutta la famiglia, rendendo gli spostamenti non solo pi\u00f9 economici, ma anche pi\u00f9 semplici. E <a href=\"https:\/\/www.metrobilbao.eus\/es\" target=\"_blank\" rel=\"noreferrer noopener\">Metro Bilbao<\/a> stessa consiglia di utilizzare la Barik e di ricaricarla in anticipo, cos\u00ec da evitare le code alle macchinette, soprattutto nei momenti di maggiore affluenza.<\/p>\n\n\n\n<p>Cos\u00ec, una mattina al mare pu\u00f2 diventare un pomeriggio al museo. Una passeggiata lungo le scogliere pu\u00f2 essere seguita da una cena in citt\u00e0. E non c\u2019\u00e8 bisogno di cercare parcheggio o affrontare il traffico.<\/p>\n\n\n\n<p>Arrivare a Bilbao dopo aver trascorso giorni sulla costa permette anche di comprenderla in modo diverso. Perch\u00e9 questa non \u00e8 soltanto una citt\u00e0 famosa per un museo. \u00c8 <strong>una citt\u00e0 che negli ultimi decenni ha trasformato profondamente il proprio rapporto con il territorio<\/strong>.<\/p>\n\n\n\n<h1 class=\"wp-block-heading\">Bilbao: la citt\u00e0 che ha reinventato la propria R\u00eda<\/h1>\n\n\n\n<figure class=\"wp-block-image size-full\"><img decoding=\"async\" width=\"870\" height=\"490\" src=\"https:\/\/ecobnb.it\/blog\/app\/uploads\/sites\/2\/2026\/08\/9.jpg\" alt=\"Collage che mostra la Bilbao industriale del passato e la moderna citt\u00e0 culturale di oggi.\" class=\"wp-image-93417\" srcset=\"https:\/\/ecobnb.it\/blog\/app\/uploads\/sites\/2\/2026\/08\/9.jpg 870w, https:\/\/ecobnb.it\/blog\/app\/uploads\/sites\/2\/2026\/08\/9-536x302.jpg 536w, https:\/\/ecobnb.it\/blog\/app\/uploads\/sites\/2\/2026\/08\/9-768x433.jpg 768w, https:\/\/ecobnb.it\/blog\/app\/uploads\/sites\/2\/2026\/08\/9-570x320.jpg 570w, https:\/\/ecobnb.it\/blog\/app\/uploads\/sites\/2\/2026\/08\/9-344x194.jpg 344w\" sizes=\"(max-width: 870px) 100vw, 870px\" \/><figcaption class=\"wp-element-caption\">Bilbao, dalla citt\u00e0 industriale del passato a moderno polo culturale e creativo.<\/figcaption><\/figure>\n\n\n\n<p>Per generazioni, la R\u00eda di Bilbao \u00e8 stata il cuore di una grande economia industriale.<\/p>\n\n\n\n<p><strong>Cantieri navali<\/strong>, fabbriche, magazzini e infrastrutture portuali occupavano le rive, mentre l\u2019attivit\u00e0 industriale segnava profondamente il paesaggio e la vita della citt\u00e0. Quando i settori tradizionali entrarono in crisi, Bilbao si trov\u00f2 davanti a una sfida enorme: <strong>come reinventarsi senza cancellare la propria identit\u00e0 industriale?<\/strong><\/p>\n\n\n\n<p>La risposta \u00e8 arrivata attraverso un lungo processo di <strong>rigenerazione urbana<\/strong>. L\u2019apertura del <strong>Guggenheim Museum Bilbao nel 1997<\/strong>, progettato da Frank Gehry, ne \u00e8 diventata il simbolo pi\u00f9 conosciuto.<\/p>\n\n\n\n<p>Il cosiddetto <strong>\u201cBilbao Effect\u201d<\/strong> descrive proprio la capacit\u00e0 di un grande progetto culturale e architettonico di contribuire alla trasformazione e alla visibilit\u00e0 internazionale di una citt\u00e0.<\/p>\n\n\n\n<p>Ma fermarsi al Guggenheim significherebbe raccontare solo una parte della storia.<\/p>\n\n\n\n<h2 class=\"wp-block-heading\">Il Guggenheim: architettura, luce e materia<\/h2>\n\n\n\n<figure class=\"wp-block-image size-full\"><img decoding=\"async\" width=\"870\" height=\"490\" src=\"https:\/\/ecobnb.it\/blog\/app\/uploads\/sites\/2\/2026\/08\/7.jpg\" alt=\"Collage del Guggenheim Bilbao: vista esterna, hall centrale dall\u2019alto, forme sinuose di Frank Gehry e installazione di Richard Serra.\" class=\"wp-image-93418\" srcset=\"https:\/\/ecobnb.it\/blog\/app\/uploads\/sites\/2\/2026\/08\/7.jpg 870w, https:\/\/ecobnb.it\/blog\/app\/uploads\/sites\/2\/2026\/08\/7-536x302.jpg 536w, https:\/\/ecobnb.it\/blog\/app\/uploads\/sites\/2\/2026\/08\/7-768x433.jpg 768w, https:\/\/ecobnb.it\/blog\/app\/uploads\/sites\/2\/2026\/08\/7-570x320.jpg 570w, https:\/\/ecobnb.it\/blog\/app\/uploads\/sites\/2\/2026\/08\/7-344x194.jpg 344w\" sizes=\"(max-width: 870px) 100vw, 870px\" \/><figcaption class=\"wp-element-caption\">Il Guggenheim Bilbao: forme sinuose, spazi spettacolari e grandi opere d\u2019arte. Foto di S. Ombellini<\/figcaption><\/figure>\n\n\n\n<p>Il museo \u00e8 costruito come una scultura abitabile. Le sue <strong>superfici in titanio<\/strong>, composte da migliaia di sottili lastre curve, riflettono la <strong>luce dell\u2019Atlantico<\/strong> in modo sempre diverso: al mattino appare freddo e argenteo, al tramonto si scalda di tonalit\u00e0 dorate.<\/p>\n\n\n\n<p>L\u2019edificio, progettato dall&#8217;architetto statunitense <strong>Frank Gehry<\/strong>, non ha una facciata principale: \u00e8 pensato per essere attraversato e <strong>osservato da ogni angolazione<\/strong>, soprattutto dalla R\u00eda.<\/p>\n\n\n\n<p>All\u2019interno, gli spazi espositivi sono volutamente flessibili e monumentali, progettati per accogliere <strong>installazioni di grande scala<\/strong>.<\/p>\n\n\n\n<p>Un elemento interessante \u00e8 il <strong>rapporto costante tra interno ed esterno<\/strong>: alcune opere dialogano direttamente con il paesaggio urbano e con l\u2019acqua che circonda il museo.<\/p>\n\n\n\n<figure class=\"wp-block-image size-full\"><img decoding=\"async\" width=\"870\" height=\"490\" src=\"https:\/\/ecobnb.it\/blog\/app\/uploads\/sites\/2\/2026\/08\/8.jpg\" alt=\"Collage di dettagli del Guggenheim Bilbao: esterno del museo, scultura Tall Tree &amp; The Eye di Anish Kapoor nella vasca d\u2019acqua, facciata in titanio, pareti sinuose e grandi vetrate.\" class=\"wp-image-93419\" srcset=\"https:\/\/ecobnb.it\/blog\/app\/uploads\/sites\/2\/2026\/08\/8.jpg 870w, https:\/\/ecobnb.it\/blog\/app\/uploads\/sites\/2\/2026\/08\/8-536x302.jpg 536w, https:\/\/ecobnb.it\/blog\/app\/uploads\/sites\/2\/2026\/08\/8-768x433.jpg 768w, https:\/\/ecobnb.it\/blog\/app\/uploads\/sites\/2\/2026\/08\/8-570x320.jpg 570w, https:\/\/ecobnb.it\/blog\/app\/uploads\/sites\/2\/2026\/08\/8-344x194.jpg 344w\" sizes=\"(max-width: 870px) 100vw, 870px\" \/><figcaption class=\"wp-element-caption\">Dettagli del Guggenheim Bilbao: il titanio, le forme sinuose di Gehry e le sfere specchianti di Anish Kapoor.<\/figcaption><\/figure>\n\n\n\n<h3 class=\"wp-block-heading\">Il Guggenheim e la sostenibilit\u00e0<\/h3>\n\n\n\n<p>Il Guggenheim \u00e8 diventato naturalmente il punto di riferimento pi\u00f9 famoso della citt\u00e0. Ma oggi il museo \u00e8 interessante anche per il lavoro che sta sviluppando sul fronte della <strong>sostenibilit\u00e0 ambientale<\/strong>.<\/p>\n\n\n\n<p>Il Guggenheim ha definito una <a href=\"https:\/\/www.guggenheim-bilbao.eus\/en\/about-the-museum\/environmental-sustainability\" target=\"_blank\" rel=\"noreferrer noopener\">strategia con l\u2019obiettivo di raggiungere la neutralit\u00e0 climatica entro il 2030<\/a>, intervenendo su <strong>energia<\/strong>, fonti rinnovabili, gestione dei rifiuti, materiali delle mostre, logistica, conservazione ed <strong>educazione ambientale<\/strong>.<\/p>\n\n\n\n<p>Nel 2024 sono stati installati <strong>300 pannelli solari<\/strong> sui tetti del museo, contribuendo alla produzione di energia rinnovabile e alla riduzione dei consumi. Dal giugno 2024, inoltre, <strong>l\u2019elettricit\u00e0 utilizzata dal museo proviene interamente da fonti sostenibili<\/strong>. Gli interventi comprendono anche l\u2019illuminazione a LED, l\u2019<strong>ottimizzazione dei sistemi di climatizzazione<\/strong> e una maggiore attenzione alla circolarit\u00e0 degli allestimenti. <\/p>\n\n\n\n<p>Il museo propone inoltre un <a href=\"https:\/\/www.guggenheim-bilbao.eus\/en\/itineraire\/green-tour\" target=\"_blank\" rel=\"noreferrer noopener\">Green Tour<\/a>, dedicato al rapporto tra alcune opere della collezione e le questioni ambientali. Ed \u00e8 proprio attraverso l\u2019arte che il tema diventa particolarmente interessante.<\/p>\n\n\n\n<h3 class=\"wp-block-heading\">Il Green Tour del Guggenheim: guardare l\u2019arte con occhi diversi<\/h3>\n\n\n\n<figure class=\"wp-block-image size-large\"><img decoding=\"async\" width=\"870\" height=\"490\" src=\"https:\/\/ecobnb.it\/blog\/app\/uploads\/sites\/2\/2026\/08\/Arbol-deseos-Yoko-Ono-870x490.jpg\" alt=\"Wish Tree for Bilbao di Yoko Ono, con i desideri e i messaggi dei visitatori appesi ai rami dell\u2019albero.\" class=\"wp-image-93426\" srcset=\"https:\/\/ecobnb.it\/blog\/app\/uploads\/sites\/2\/2026\/08\/Arbol-deseos-Yoko-Ono-870x490.jpg 870w, https:\/\/ecobnb.it\/blog\/app\/uploads\/sites\/2\/2026\/08\/Arbol-deseos-Yoko-Ono-536x302.jpg 536w, https:\/\/ecobnb.it\/blog\/app\/uploads\/sites\/2\/2026\/08\/Arbol-deseos-Yoko-Ono-768x432.jpg 768w, https:\/\/ecobnb.it\/blog\/app\/uploads\/sites\/2\/2026\/08\/Arbol-deseos-Yoko-Ono-1536x864.jpg 1536w, https:\/\/ecobnb.it\/blog\/app\/uploads\/sites\/2\/2026\/08\/Arbol-deseos-Yoko-Ono-570x320.jpg 570w, https:\/\/ecobnb.it\/blog\/app\/uploads\/sites\/2\/2026\/08\/Arbol-deseos-Yoko-Ono-344x194.jpg 344w, https:\/\/ecobnb.it\/blog\/app\/uploads\/sites\/2\/2026\/08\/Arbol-deseos-Yoko-Ono.jpg 1920w\" sizes=\"(max-width: 870px) 100vw, 870px\" \/><figcaption class=\"wp-element-caption\">Wish Tree for Bilbao di Yoko Ono, un\u2019opera partecipativa piena dei desideri dei visitatori. Foto via https:\/\/www.guggenheim-bilbao.eus\/<\/figcaption><\/figure>\n\n\n\n<p>Il <strong>Green Tour<\/strong> \u00e8 un percorso di circa 60 minuti che invita a osservare alcune opere della collezione permanente anche dal punto di vista della sostenibilit\u00e0 ambientale.<\/p>\n\n\n\n<p>\u00c8 un itinerario che si pu\u00f2 seguire autonomamente e che conduce attraverso diversi spazi del museo, proponendo ogni volta una domanda, una curiosit\u00e0 o una diversa relazione tra arte e natura. <\/p>\n\n\n\n<p>Non \u00e8 una visita alla sostenibilit\u00e0 del museo in senso tecnico, ma un modo per scoprire come temi come <strong>acqua<\/strong>, <strong>vegetazione<\/strong>, atmosfera, <strong>clima<\/strong> e <strong>rapporto con il pianeta<\/strong> possano entrare nell\u2019esperienza artistica.<\/p>\n\n\n\n<figure class=\"wp-block-image size-full\"><img decoding=\"async\" width=\"870\" height=\"490\" src=\"https:\/\/ecobnb.it\/blog\/app\/uploads\/sites\/2\/2026\/08\/10.jpg\" alt=\"Puppy, la monumentale scultura floreale di Jeff Koons, davanti al Museo Guggenheim di Bilbao.\" class=\"wp-image-93422\" srcset=\"https:\/\/ecobnb.it\/blog\/app\/uploads\/sites\/2\/2026\/08\/10.jpg 870w, https:\/\/ecobnb.it\/blog\/app\/uploads\/sites\/2\/2026\/08\/10-536x302.jpg 536w, https:\/\/ecobnb.it\/blog\/app\/uploads\/sites\/2\/2026\/08\/10-768x433.jpg 768w, https:\/\/ecobnb.it\/blog\/app\/uploads\/sites\/2\/2026\/08\/10-570x320.jpg 570w, https:\/\/ecobnb.it\/blog\/app\/uploads\/sites\/2\/2026\/08\/10-344x194.jpg 344w\" sizes=\"(max-width: 870px) 100vw, 870px\" \/><figcaption class=\"wp-element-caption\">Puppy di Jeff Koons, l\u2019iconico cane floreale che veglia sull\u2019ingresso del Guggenheim Bilbao. Foto di Silvia Ombellini<\/figcaption><\/figure>\n\n\n\n<p>Il percorso comincia gi\u00e0 all\u2019esterno, davanti a <strong>Puppy<\/strong>, il gigantesco cane floreale di Jeff Koons. \u00c8 difficile immaginarlo come un\u2019opera \u201cviva\u201d, eppure lo \u00e8 letteralmente: la struttura \u00e8 ricoperta da circa <strong>35.000 piante fiorite<\/strong>, che cambiano con le stagioni. Begonie, petunie, lobelie e altre variet\u00e0 compongono una sorta di pelle vegetale che trasforma continuamente l\u2019aspetto della scultura.<\/p>\n\n\n\n<figure class=\"wp-block-embed is-type-video is-provider-youtube wp-block-embed-youtube wp-embed-aspect-16-9 wp-has-aspect-ratio\"><div class=\"wp-block-embed__wrapper\">\n<div class=\"embed-container\"><iframe loading=\"lazy\" title=\"Installation for Bilbao - Jenny Holzer\" width=\"1170\" height=\"658\" src=\"https:\/\/www.youtube.com\/embed\/5Xn466DFyxY?feature=oembed\" frameborder=\"0\" allow=\"accelerometer; autoplay; clipboard-write; encrypted-media; gyroscope; picture-in-picture; web-share\" referrerpolicy=\"strict-origin-when-cross-origin\" allowfullscreen><\/iframe><\/div>\n<\/div><\/figure>\n\n\n\n<p>Entrando nell\u2019Atrium si incontra invece <strong>Jenny Holzer<\/strong>, che utilizza la luce e le parole per trasmettere messaggi legati alla societ\u00e0, alla politica, alla guerra e alla condizione umana. Il percorso invita cos\u00ec a riflettere su come anche un mezzo apparentemente immateriale come la <strong>luce<\/strong> possa diventare uno strumento artistico e comunicativo.<\/p>\n\n\n\n<figure class=\"wp-block-image size-full\"><img decoding=\"async\" width=\"870\" height=\"490\" src=\"https:\/\/ecobnb.it\/blog\/app\/uploads\/sites\/2\/2026\/08\/12.jpg\" alt=\"Fog Sculpture #08025 (F.O.G.), dell'artista giapponese Fujiko Nakaya, utilizza acqua e aria per creare temporanee nuvole di nebbia lungo la R\u00eda.\" class=\"wp-image-93424\" srcset=\"https:\/\/ecobnb.it\/blog\/app\/uploads\/sites\/2\/2026\/08\/12.jpg 870w, https:\/\/ecobnb.it\/blog\/app\/uploads\/sites\/2\/2026\/08\/12-536x302.jpg 536w, https:\/\/ecobnb.it\/blog\/app\/uploads\/sites\/2\/2026\/08\/12-768x433.jpg 768w, https:\/\/ecobnb.it\/blog\/app\/uploads\/sites\/2\/2026\/08\/12-570x320.jpg 570w, https:\/\/ecobnb.it\/blog\/app\/uploads\/sites\/2\/2026\/08\/12-344x194.jpg 344w\" sizes=\"(max-width: 870px) 100vw, 870px\" \/><figcaption class=\"wp-element-caption\">Fog Sculpture #08025: quando l&#8217;acqua diventa arte. Foto di Silvia Ombellini<\/figcaption><\/figure>\n\n\n\n<p>Ma una delle tappe che ho trovato pi\u00f9 curiosa \u00e8 quella dedicata alla <strong>nebbia di Fujiko Nakaya<\/strong>. Sulla terrazza affacciata sulla R\u00eda, l\u2019artista giapponese trasforma l\u2019acqua e l\u2019atmosfera in una vera e propria materia scultorea. <\/p>\n\n\n\n<p>La nebbia viene prodotta da un sistema di pompe nascosto sotto il bordo dello stagno e cambia continuamente seguendo le condizioni dell\u2019aria e dell\u2019ambiente circostante. <\/p>\n\n\n\n<p><strong>Si entra nell&#8217;opera stessa<\/strong>. La nebbia appare, si muove, cambia forma e scompare in base alle condizioni atmosferiche. Ogni incontro \u00e8 diverso.<\/p>\n\n\n\n<p>\u00c8 un\u2019opera quasi impossibile da \u201cfotografare\u201d davvero: bisogna esserci, aspettare e osservare come l\u2019acqua, l\u2019aria e la luce si trasformano davanti agli occhi.<\/p>\n\n\n\n<figure class=\"wp-block-image size-full\"><img decoding=\"async\" width=\"870\" height=\"490\" src=\"https:\/\/ecobnb.it\/blog\/app\/uploads\/sites\/2\/2026\/08\/Maman.jpg\" alt=\"Maman di Louise Bourgeois vista dall\u2019alto, con la monumentale scultura a forma di ragno davanti al Guggenheim Bilbao.\" class=\"wp-image-93425\" srcset=\"https:\/\/ecobnb.it\/blog\/app\/uploads\/sites\/2\/2026\/08\/Maman.jpg 870w, https:\/\/ecobnb.it\/blog\/app\/uploads\/sites\/2\/2026\/08\/Maman-536x302.jpg 536w, https:\/\/ecobnb.it\/blog\/app\/uploads\/sites\/2\/2026\/08\/Maman-768x433.jpg 768w, https:\/\/ecobnb.it\/blog\/app\/uploads\/sites\/2\/2026\/08\/Maman-570x320.jpg 570w, https:\/\/ecobnb.it\/blog\/app\/uploads\/sites\/2\/2026\/08\/Maman-344x194.jpg 344w\" sizes=\"(max-width: 870px) 100vw, 870px\" \/><figcaption class=\"wp-element-caption\">Maman di Louise Bourgeois vista dall\u2019alto, tra le forme architettoniche del Guggenheim Bilbao. Foto via Canva PRO<\/figcaption><\/figure>\n\n\n\n<p>Da qui il percorso porta anche a <strong>Maman<\/strong>, l&#8217;enorme ragno di Louise Bourgeois, alto quasi nove metri, e a <strong>Wish Tree for Bilbao<\/strong> di Yoko Ono, un&#8217;opera partecipativa che invita i visitatori a esprimere un desiderio di pace.<\/p>\n\n\n\n<figure class=\"wp-block-image size-full\"><img decoding=\"async\" width=\"870\" height=\"490\" src=\"https:\/\/ecobnb.it\/blog\/app\/uploads\/sites\/2\/2026\/08\/11.jpg\" alt=\"Rising Sea di El Anatsui al Guggenheim Bilbao, vista da lontano e in due dettagli ravvicinati.\" class=\"wp-image-93427\" srcset=\"https:\/\/ecobnb.it\/blog\/app\/uploads\/sites\/2\/2026\/08\/11.jpg 870w, https:\/\/ecobnb.it\/blog\/app\/uploads\/sites\/2\/2026\/08\/11-536x302.jpg 536w, https:\/\/ecobnb.it\/blog\/app\/uploads\/sites\/2\/2026\/08\/11-768x433.jpg 768w, https:\/\/ecobnb.it\/blog\/app\/uploads\/sites\/2\/2026\/08\/11-570x320.jpg 570w, https:\/\/ecobnb.it\/blog\/app\/uploads\/sites\/2\/2026\/08\/11-344x194.jpg 344w\" sizes=\"(max-width: 870px) 100vw, 870px\" \/><figcaption class=\"wp-element-caption\"><em>Rising Sea<\/em> di El Anatsui, tra visione d\u2019insieme e dettagli della sua superficie. Foto di Silvia Ombellini<\/figcaption><\/figure>\n\n\n\n<p>Ma \u00e8 nell\u2019ultima parte del percorso che il tema ambientale diventa pi\u00f9 diretto, con <strong><em>Rising Sea<\/em><\/strong> dell&#8217;artista ghanese El Anatsui. La sua grande <strong>scultura metallica<\/strong>, realizzata <strong>assemblando moltissimi piccoli elementi<\/strong>, richiama la tradizione artistica africana ma assume una dimensione contemporanea e globale.<\/p>\n\n\n\n<p>Da lontano sembra quasi un <strong>enorme tessuto prezioso<\/strong>. Avvicinandosi, per\u00f2, si distinguono i singoli frammenti, assemblati dall&#8217;artista in una superficie mobile e scintillante.<\/p>\n\n\n\n<p>Rising Sea di El Anatsui \u00e8 infatti una grande installazione composta da <strong>migliaia di frammenti metallici e materiali di scarto<\/strong>. Il titolo, Rising Sea, richiama <a href=\"https:\/\/ecobnb.it\/blog\/2022\/04\/cambiamenti-climatici-nostre-vite\/\" type=\"post\" id=\"66241\" target=\"_blank\" rel=\"noreferrer noopener\">l&#8217;innalzamento del livello del mare e il cambiamento climatico<\/a>.<\/p>\n\n\n\n<p>Dopo aver guardato per giorni le onde dalla cima delle scogliere di Sopelana, improvvisamente il mare \u00e8 l\u00ec dentro il museo. Visitando il Guggenheim si pu\u00f2 cos\u00ec riflettere sull\u2019acqua, sulla vegetazione, sull\u2019atmosfera e sul <a href=\"https:\/\/ecobnb.it\/blog\/2017\/08\/cambiamenti-climatici-studio-americano\/\" type=\"post\" id=\"27469\">cambiamento climatico<\/a>, scoprendo un filo sorprendentemente naturale tra il paesaggio esterno e quello dell\u2019arte.<\/p>\n\n\n\n<h2 class=\"wp-block-heading\">Azkuna Zentroa: il centro culturale di Philippe Starck<\/h2>\n\n\n\n<figure class=\"wp-block-image size-full\"><img decoding=\"async\" width=\"870\" height=\"490\" src=\"https:\/\/ecobnb.it\/blog\/app\/uploads\/sites\/2\/2026\/08\/13.jpg\" alt=\"Collage dell\u2019Azkuna Zentroa di Bilbao: facciata storica, interni in mattoni e colonne monumentali di forme diverse.\" class=\"wp-image-93420\" srcset=\"https:\/\/ecobnb.it\/blog\/app\/uploads\/sites\/2\/2026\/08\/13.jpg 870w, https:\/\/ecobnb.it\/blog\/app\/uploads\/sites\/2\/2026\/08\/13-536x302.jpg 536w, https:\/\/ecobnb.it\/blog\/app\/uploads\/sites\/2\/2026\/08\/13-768x433.jpg 768w, https:\/\/ecobnb.it\/blog\/app\/uploads\/sites\/2\/2026\/08\/13-570x320.jpg 570w, https:\/\/ecobnb.it\/blog\/app\/uploads\/sites\/2\/2026\/08\/13-344x194.jpg 344w\" sizes=\"(max-width: 870px) 100vw, 870px\" \/><figcaption class=\"wp-element-caption\">Azkuna Zentroa, dove l\u2019architettura storica incontra le colonne contemporanee e i nuovi spazi culturali di Bilbao. Foto di Silvia Ombellini<\/figcaption><\/figure>\n\n\n\n<p>Un altro esempio fondamentale di <strong>rigenerazione urbana<\/strong> si trova nel cuore di Bilbao. <strong>Azkuna Zentroa \u2013 Alh\u00f3ndiga Bilbao<\/strong>, progettato dall\u2019architetto francese <strong>Philippe Starck<\/strong>, \u00e8 uno dei pi\u00f9 interessanti interventi di riuso architettonico della citt\u00e0.<\/p>\n\n\n\n<p>L\u2019edificio originario era un grande magazzino del vino, costruito all\u2019inizio del Novecento. Starck ha scelto di <strong>mantenere intatta la cortina esterna in mattoni<\/strong>, elegante e monumentale, preservando cos\u00ec la memoria storica dell\u2019edificio.<\/p>\n\n\n\n<p>All\u2019interno, per\u00f2, lo spazio \u00e8 stato completamente trasformato e suddiviso in <strong>tre volumi indipendenti<\/strong>: una mediateca biblioteca, un centro sportivo con piscina e un grande spazio dedicato all\u2019arte e alle esposizioni. Sotto il livello principale si sviluppano inoltre numerose sale espositive, cinema e spazi culturali.<\/p>\n\n\n\n<p>Uno degli elementi pi\u00f9 sorprendenti \u00e8 la grande piazza coperta, una sorta di <strong>agor\u00e0 contemporanea<\/strong> delimitata da <strong>43 colonne, tutte diverse tra loro<\/strong>, progettate dall\u2019artista italiano <strong>Lorenzo Baraldi<\/strong>. Nessuna \u00e8 uguale all\u2019altra: insieme creano l\u2019impressione di trovarsi in una <strong>foresta artificiale<\/strong> di forme, colori e materiali diversi.<\/p>\n\n\n\n<figure class=\"wp-block-image size-full\"><img decoding=\"async\" width=\"870\" height=\"490\" src=\"https:\/\/ecobnb.it\/blog\/app\/uploads\/sites\/2\/2026\/08\/14.jpg\" alt=\"Collage di Azkuna Zentroa: vista dall\u2019alto verso la piazza verde e i tetti di Bilbao, area relax sul tetto e piazza interna coperta con colonne artistiche.\" class=\"wp-image-93421\" srcset=\"https:\/\/ecobnb.it\/blog\/app\/uploads\/sites\/2\/2026\/08\/14.jpg 870w, https:\/\/ecobnb.it\/blog\/app\/uploads\/sites\/2\/2026\/08\/14-536x302.jpg 536w, https:\/\/ecobnb.it\/blog\/app\/uploads\/sites\/2\/2026\/08\/14-768x433.jpg 768w, https:\/\/ecobnb.it\/blog\/app\/uploads\/sites\/2\/2026\/08\/14-570x320.jpg 570w, https:\/\/ecobnb.it\/blog\/app\/uploads\/sites\/2\/2026\/08\/14-344x194.jpg 344w\" sizes=\"(max-width: 870px) 100vw, 870px\" \/><figcaption class=\"wp-element-caption\">Azkuna Zentroa dall\u2019alto: verde, spazi di relax e colonne artistiche nel cuore di Bilbao. Foto di Silvia Ombellini<\/figcaption><\/figure>\n\n\n\n<p>Sopra il complesso si trova una <strong>grande terrazza pubblica<\/strong>, aperta e luminosa, che offre una vista sorprendente sui tetti di Bilbao. \u00c8 uno spazio urbano sospeso, pensato come luogo di incontro e pausa, completamente integrato nella citt\u00e0.<\/p>\n\n\n\n<p>Azkuna Zentroa dimostra come la sostenibilit\u00e0 possa passare anche attraverso il <strong>riuso intelligente degli edifici esistenti<\/strong>, trasformandoli in luoghi vivi e multifunzionali, aperti a tutti.<\/p>\n\n\n\n<h2 class=\"wp-block-heading\">Zorrotzaurre: il prossimo capitolo di Bilbao<\/h2>\n\n\n\n<figure class=\"wp-block-embed is-type-video is-provider-youtube wp-block-embed-youtube wp-embed-aspect-16-9 wp-has-aspect-ratio\"><div class=\"wp-block-embed__wrapper\">\n<div class=\"embed-container\"><iframe loading=\"lazy\" title=\"Zorrotzaurre: blueprint for a smart city | FT Energy Source\" width=\"1170\" height=\"658\" src=\"https:\/\/www.youtube.com\/embed\/tMujr3RjQFQ?feature=oembed\" frameborder=\"0\" allow=\"accelerometer; autoplay; clipboard-write; encrypted-media; gyroscope; picture-in-picture; web-share\" referrerpolicy=\"strict-origin-when-cross-origin\" allowfullscreen><\/iframe><\/div>\n<\/div><\/figure>\n\n\n\n<p>Per vedere come la trasformazione di Bilbao sia ancora in corso, basta lasciare il Guggenheim e seguire la R\u00eda verso <strong>Zorrotzaurre<\/strong>. <\/p>\n\n\n\n<p>Un tempo <strong>quartiere industriale e portuale<\/strong>, oggi l&#8217;area \u00e8 interessata da un importante progetto di trasformazione in un nuovo quartiere con abitazioni, spazi culturali, aree pubbliche e spazi verdi.<\/p>\n\n\n\n<p>Ci\u00f2 che rende Zorrotzaurre particolarmente interessante \u00e8 che la trasformazione \u00e8 in corso e perci\u00f2 ancora visibile. I <strong>vecchi edifici industriali<\/strong> convivono con <strong>nuove architetture<\/strong>. Le tracce del passato produttivo dell&#8217;area non sono scomparse, ma stanno diventando parte di un nuovo paesaggio urbano.<\/p>\n\n\n\n<p>Il progetto comprende inoltre interventi legati alla<strong> protezione dalle inondazioni<\/strong>, alla gestione dell&#8217;acqua e alla <strong>creazione di nuovi spazi pubblici e verdi<\/strong>, ma guarda anche al futuro attraverso soluzioni proprie della <strong>smart city<\/strong>.<\/p>\n\n\n\n<p>Energia da fonti rinnovabili, edifici ad alta efficienza energetica, mobilit\u00e0 elettrica, sistemi intelligenti di gestione e accumulo dell\u2019energia e tecnologie geotermiche e idrotermiche fanno parte della visione di Zorrotzaurre come nuovo <strong>quartiere a basse emissioni<\/strong>. L\u2019obiettivo \u00e8 sperimentare un modello urbano in cui <strong>architettura, tecnologia e sostenibilit\u00e0 lavorino insieme<\/strong>, trasformando un\u2019ex area industriale in un luogo pi\u00f9 resiliente, vivibile e connesso.<\/p>\n\n\n\n<h2 class=\"wp-block-heading\">Bilbao da vivere senza fretta<\/h2>\n\n\n\n<figure class=\"wp-block-image size-full\"><img decoding=\"async\" width=\"870\" height=\"490\" src=\"https:\/\/ecobnb.it\/blog\/app\/uploads\/sites\/2\/2026\/08\/Sopela-e-Bilbao-2.jpg\" alt=\"Percorsi verdi e parchi di Bilbao con biciclette del servizio pubblico Bilbaobizi.\" class=\"wp-image-93428\" srcset=\"https:\/\/ecobnb.it\/blog\/app\/uploads\/sites\/2\/2026\/08\/Sopela-e-Bilbao-2.jpg 870w, https:\/\/ecobnb.it\/blog\/app\/uploads\/sites\/2\/2026\/08\/Sopela-e-Bilbao-2-536x302.jpg 536w, https:\/\/ecobnb.it\/blog\/app\/uploads\/sites\/2\/2026\/08\/Sopela-e-Bilbao-2-768x433.jpg 768w, https:\/\/ecobnb.it\/blog\/app\/uploads\/sites\/2\/2026\/08\/Sopela-e-Bilbao-2-570x320.jpg 570w, https:\/\/ecobnb.it\/blog\/app\/uploads\/sites\/2\/2026\/08\/Sopela-e-Bilbao-2-344x194.jpg 344w\" sizes=\"(max-width: 870px) 100vw, 870px\" \/><figcaption class=\"wp-element-caption\">Bilbao a piedi o in bicicletta: percorsi verdi, parchi e mobilit\u00e0 sostenibile con Bilbaobizi. Foto di S. Ombellini<\/figcaption><\/figure>\n\n\n\n<p>Una volta arrivati in citt\u00e0, molti dei luoghi pi\u00f9 interessanti possono essere raggiunti <strong>a piedi<\/strong>. <strong>Seguire la R\u00eda<\/strong> permette di osservare la trasformazione urbana quasi come se fosse un percorso a cielo aperto.<\/p>\n\n\n\n<p>Dal Guggenheim si pu\u00f2 proseguire verso il <strong>Parque de Do\u00f1a Casilda<\/strong>, continuare verso il centro e raggiungere <strong>Azkuna Zentroa<\/strong>. Per chi preferisce muoversi pi\u00f9 velocemente o coprire distanze maggiori, c\u2019\u00e8 anche <a href=\"https:\/\/www.bilbao.eus\/apps\/bilbaobizi\/preguntas_frecuentes_es.htm\" target=\"_blank\" rel=\"noreferrer noopener\">Bilbaobizi<\/a>, il <strong>servizio pubblico di biciclette<\/strong> a disposizione in diversi punti della citt\u00e0, che permette di noleggiare una bici e riconsegnarla in una delle stazioni presenti sul territorio.<\/p>\n\n\n\n<figure class=\"wp-block-image size-full\"><img decoding=\"async\" width=\"870\" height=\"490\" src=\"https:\/\/ecobnb.it\/blog\/app\/uploads\/sites\/2\/2026\/08\/Sopela-e-Bilbao-4.jpg\" alt=\"Collage di Artxanda con vista panoramica su Bilbao dall\u2019alto e la funicolare che sale sulla collina.\" class=\"wp-image-93429\" srcset=\"https:\/\/ecobnb.it\/blog\/app\/uploads\/sites\/2\/2026\/08\/Sopela-e-Bilbao-4.jpg 870w, https:\/\/ecobnb.it\/blog\/app\/uploads\/sites\/2\/2026\/08\/Sopela-e-Bilbao-4-536x302.jpg 536w, https:\/\/ecobnb.it\/blog\/app\/uploads\/sites\/2\/2026\/08\/Sopela-e-Bilbao-4-768x433.jpg 768w, https:\/\/ecobnb.it\/blog\/app\/uploads\/sites\/2\/2026\/08\/Sopela-e-Bilbao-4-570x320.jpg 570w, https:\/\/ecobnb.it\/blog\/app\/uploads\/sites\/2\/2026\/08\/Sopela-e-Bilbao-4-344x194.jpg 344w\" sizes=\"(max-width: 870px) 100vw, 870px\" \/><figcaption class=\"wp-element-caption\">Artxanda: vista di Bilbao dall&#8217;alto, la caratteristica funicolare, foto di Silvia Ombellini<\/figcaption><\/figure>\n\n\n\n<p>Oppure si pu\u00f2 cambiare prospettiva e salire verso <strong>Artxanda<\/strong>, da dove Bilbao appare circondata dalle colline verdi. \u00c8 un&#8217;immagine importante per comprendere la citt\u00e0: Bilbao non \u00e8 soltanto una metropoli industriale trasformata, ma un centro urbano inserito in un <strong>paesaggio naturale<\/strong>. \u00c8 proprio questa relazione tra&nbsp;citt\u00e0, acqua e colline che rende la sua rigenerazione cos\u00ec interessante.<\/p>\n\n\n\n<h2 class=\"wp-block-heading\">Bilbao oltre il Guggenheim<\/h2>\n\n\n\n<figure class=\"wp-block-embed is-type-video is-provider-youtube wp-block-embed-youtube wp-embed-aspect-16-9 wp-has-aspect-ratio\"><div class=\"wp-block-embed__wrapper\">\n<div class=\"embed-container\"><iframe loading=\"lazy\" title=\"How Frank Gehry&#039;s Guggenheim Bilbao Changed Architecture Forever\" width=\"1170\" height=\"658\" src=\"https:\/\/www.youtube.com\/embed\/FnrPZuN0m-0?feature=oembed\" frameborder=\"0\" allow=\"accelerometer; autoplay; clipboard-write; encrypted-media; gyroscope; picture-in-picture; web-share\" referrerpolicy=\"strict-origin-when-cross-origin\" allowfullscreen><\/iframe><\/div>\n<\/div><\/figure>\n\n\n\n<p>Il <strong>Guggenheim<\/strong> ha cambiato Bilbao per sempre. E forse vale la pena ricordare che, negli anni della crisi industriale, <strong>nessuno avrebbe immaginato che un giorno Bilbao sarebbe diventata una destinazione capace di attirare visitatori da tutto il mondo<\/strong>. La scommessa del museo, inaugurato nel 1997, contribu\u00ec a cambiare questa percezione e divenne il simbolo di una trasformazione urbana molto pi\u00f9 ampia.<\/p>\n\n\n\n<p>Dopo aver trascorso quasi tre settimane a Sopelana, ho iniziato a considerare il Guggenheim come parte di una storia molto pi\u00f9 grande: quella di una citt\u00e0 che continua ancora oggi a reinventarsi, tra cultura, natura e nuovi modi di vivere il territorio.<\/p>\n\n\n\n<figure class=\"wp-block-image size-large\"><img decoding=\"async\" width=\"870\" height=\"490\" src=\"https:\/\/ecobnb.it\/blog\/app\/uploads\/sites\/2\/2026\/08\/a15d3375-80c4-4983-bbc8-797a0a3eb202-870x490.jpeg\" alt=\"Costa di Bilbao con percorso ciclopedonale, persone in bicicletta e a piedi, mare sullo sfondo e pale eoliche all\u2019orizzonte.\" class=\"wp-image-93459\" srcset=\"https:\/\/ecobnb.it\/blog\/app\/uploads\/sites\/2\/2026\/08\/a15d3375-80c4-4983-bbc8-797a0a3eb202-870x490.jpeg 870w, https:\/\/ecobnb.it\/blog\/app\/uploads\/sites\/2\/2026\/08\/a15d3375-80c4-4983-bbc8-797a0a3eb202-570x320.jpeg 570w\" sizes=\"(max-width: 870px) 100vw, 870px\" \/><figcaption class=\"wp-element-caption\">La costa di Bilbao, tra mare, percorsi ciclopedonali e mobilit\u00e0 sostenibile, con le pale eoliche all\u2019orizzonte. Foto di Silvia Ombellini<\/figcaption><\/figure>\n\n\n\n<p>Cammina sulle scogliere da Sopelana verso Punta Galea. Guarda i surfisti. Esplora le spiagge. Porta il tuo cane a correre sulla sabbia la sera. Segui i sentieri in bicicletta. Lascia che sia il tempo atmosferico a modificare i tuoi programmi.<\/p>\n\n\n\n<p>Poi prendi la metropolitana per Bilbao. Segui la R\u00eda. Esplora Zorrotzaurre. Entra nell&#8217;Azkuna Zentroa. Scopri come una citt\u00e0 industriale abbia imparato a riutilizzare i propri spazi e a reinventarsi. E poi, finalmente, visita il Guggenheim.<\/p>\n\n\n\n<p>Osserva la sua architettura, naturalmente. Ma guarda anche ci\u00f2 che c&#8217;\u00e8 dietro: <strong>l&#8217;impegno del museo sul fronte ambientale e il modo in cui gli artisti possono aiutarci a riflettere diversamente sul nostro rapporto con la natura.<\/strong><\/p>\n\n\n\n<p>Fermati davanti a <em>Rising Sea<\/em> e pensa all&#8217;oceano che hai appena lasciato. Guarda <em>Puppy<\/em> e le piante viventi che ricoprono la sua enorme struttura. Entra nella nebbia di Nakaya e vivi l&#8217;acqua e l&#8217;aria come materia artistica.<\/p>\n\n\n\n<p>A quel punto, il Guggenheim non sembrer\u00e0 pi\u00f9 la destinazione. Sar\u00e0 <strong>un capitolo di un viaggio molto pi\u00f9 ampio, dalla costa atlantica al cuore di una citt\u00e0 che continua a reinventarsi<\/strong>.<\/p>\n\n\n\n<p>E forse \u00e8 proprio questo il modo migliore di intendere il <strong><a href=\"https:\/\/ecobnb.it\/blog\/2017\/12\/turismo-sostenibile-cosa-e\/\" type=\"post\" id=\"26058\">viaggio sostenibile<\/a><\/strong>. Non vedere di pi\u00f9 in meno tempo. Ma fermarsi abbastanza a lungo per<strong> vedere un luogo con occhi diversi<\/strong>.<\/p>\n\n\n\n<p><em>Immagine di copertina: foto via Canva PRO<\/em><\/p>\n","protected":false},"excerpt":{"rendered":"<p>La maggior parte dei turisti arriva a Bilbao per il Guggenheim. Noi siamo arrivati per la costa. Pi\u00f9 precisamente, siamo arrivati a Sopelana, una piccola localit\u00e0 sul mare a nord di Bilbao, attratti dalle sue spiagge, dalle spettacolari scogliere e dalle onde dell&#8217;Atlantico, perfette per il surf. Appassionati di questo sport, era naturale scegliere un [&hellip;]<\/p>\n","protected":false},"author":3,"featured_media":93431,"comment_status":"closed","ping_status":"closed","sticky":false,"template":"","format":"standard","meta":{"_acf_changed":false,"footnotes":""},"categories":[1],"tags":[],"class_list":["post-93405","post","type-post","status-publish","format-standard","has-post-thumbnail","hentry","category-ecohotel"],"acf":[],"yoast_head":"<!-- This site is optimized with the Yoast SEO plugin v27.5 - https:\/\/yoast.com\/product\/yoast-seo-wordpress\/ -->\n<title>Bilbao oltre il Guggenheim: una guida di viaggio sostenibile<\/title>\n<meta name=\"description\" content=\"Scopri Bilbao oltre il Guggenheim: un viaggio sostenibile da Sopelana alla citt\u00e0, tra costa atlantica, surf, natura, mobilit\u00e0 pubblica, arte e rigenerazione urbana.\" \/>\n<meta name=\"robots\" content=\"index, follow, max-snippet:-1, max-image-preview:large, max-video-preview:-1\" \/>\n<link rel=\"canonical\" href=\"https:\/\/ecobnb.it\/blog\/2026\/08\/bilbao-guggenheim-viaggio-sostenibile-costa-citta\/\" \/>\n<meta property=\"og:locale\" content=\"it_IT\" \/>\n<meta property=\"og:type\" content=\"article\" \/>\n<meta property=\"og:title\" content=\"Bilbao oltre il Guggenheim: una guida di viaggio sostenibile\" \/>\n<meta property=\"og:description\" content=\"Scopri Bilbao oltre il Guggenheim: un viaggio sostenibile da Sopelana alla citt\u00e0, tra costa atlantica, surf, natura, mobilit\u00e0 pubblica, arte e rigenerazione urbana.\" \/>\n<meta property=\"og:url\" content=\"https:\/\/ecobnb.it\/blog\/2026\/08\/bilbao-guggenheim-viaggio-sostenibile-costa-citta\/\" \/>\n<meta property=\"og:site_name\" content=\"Ecobnb\" \/>\n<meta property=\"article:publisher\" content=\"https:\/\/www.facebook.com\/viaggiverdi\" \/>\n<meta property=\"article:author\" content=\"https:\/\/www.facebook.com\/silvia.ombellini\" \/>\n<meta property=\"article:published_time\" content=\"2026-08-10T21:19:43+00:00\" \/>\n<meta property=\"article:modified_time\" content=\"2026-08-18T15:10:21+00:00\" \/>\n<meta property=\"og:image\" content=\"https:\/\/ecobnb.it\/blog\/app\/uploads\/sites\/2\/2026\/08\/1-1.jpg\" \/>\n\t<meta property=\"og:image:width\" content=\"1170\" \/>\n\t<meta property=\"og:image:height\" content=\"490\" \/>\n\t<meta property=\"og:image:type\" content=\"image\/jpeg\" \/>\n<meta name=\"author\" content=\"Silvia Ombellini\" \/>\n<meta name=\"twitter:label1\" content=\"Written by\" \/>\n\t<meta name=\"twitter:data1\" content=\"Silvia Ombellini\" \/>\n\t<meta name=\"twitter:label2\" content=\"Est. reading time\" \/>\n\t<meta name=\"twitter:data2\" content=\"22 minutes\" \/>\n<!-- \/ Yoast SEO plugin. -->","yoast_head_json":{"title":"Bilbao oltre il Guggenheim: una guida di viaggio sostenibile","description":"Scopri Bilbao oltre il Guggenheim: un viaggio sostenibile da Sopelana alla citt\u00e0, tra costa atlantica, surf, natura, mobilit\u00e0 pubblica, arte e rigenerazione urbana.","robots":{"index":"index","follow":"follow","max-snippet":"max-snippet:-1","max-image-preview":"max-image-preview:large","max-video-preview":"max-video-preview:-1"},"canonical":"https:\/\/ecobnb.it\/blog\/2026\/08\/bilbao-guggenheim-viaggio-sostenibile-costa-citta\/","og_locale":"it_IT","og_type":"article","og_title":"Bilbao oltre il Guggenheim: una guida di viaggio sostenibile","og_description":"Scopri Bilbao oltre il Guggenheim: un viaggio sostenibile da Sopelana alla citt\u00e0, tra costa atlantica, surf, natura, mobilit\u00e0 pubblica, arte e rigenerazione urbana.","og_url":"https:\/\/ecobnb.it\/blog\/2026\/08\/bilbao-guggenheim-viaggio-sostenibile-costa-citta\/","og_site_name":"Ecobnb","article_publisher":"https:\/\/www.facebook.com\/viaggiverdi","article_author":"https:\/\/www.facebook.com\/silvia.ombellini","article_published_time":"2026-08-10T21:19:43+00:00","article_modified_time":"2026-08-18T15:10:21+00:00","og_image":[{"width":1170,"height":490,"url":"https:\/\/ecobnb.it\/blog\/app\/uploads\/sites\/2\/2026\/08\/1-1.jpg","type":"image\/jpeg"}],"author":"Silvia Ombellini","twitter_misc":{"Written by":"Silvia Ombellini","Est. reading time":"22 minutes"},"schema":{"@context":"https:\/\/schema.org","@graph":[{"@type":"Article","@id":"https:\/\/ecobnb.it\/blog\/2026\/08\/bilbao-guggenheim-viaggio-sostenibile-costa-citta\/#article","isPartOf":{"@id":"https:\/\/ecobnb.it\/blog\/2026\/08\/bilbao-guggenheim-viaggio-sostenibile-costa-citta\/"},"author":{"name":"Silvia Ombellini","@id":"https:\/\/ecobnb.it\/blog\/#\/schema\/person\/19e19858147b03b742b90f7f41adfab6"},"headline":"Bilbao oltre il Guggenheim: un viaggio sostenibile dalla costa alla citt\u00e0","datePublished":"2026-08-10T21:19:43+00:00","dateModified":"2026-08-18T15:10:21+00:00","mainEntityOfPage":{"@id":"https:\/\/ecobnb.it\/blog\/2026\/08\/bilbao-guggenheim-viaggio-sostenibile-costa-citta\/"},"wordCount":3353,"publisher":{"@id":"https:\/\/ecobnb.it\/blog\/#organization"},"image":{"@id":"https:\/\/ecobnb.it\/blog\/2026\/08\/bilbao-guggenheim-viaggio-sostenibile-costa-citta\/#primaryimage"},"thumbnailUrl":"https:\/\/ecobnb.it\/blog\/app\/uploads\/sites\/2\/2026\/08\/1-1.jpg","articleSection":["ecohotel"],"inLanguage":"it-IT"},{"@type":"WebPage","@id":"https:\/\/ecobnb.it\/blog\/2026\/08\/bilbao-guggenheim-viaggio-sostenibile-costa-citta\/","url":"https:\/\/ecobnb.it\/blog\/2026\/08\/bilbao-guggenheim-viaggio-sostenibile-costa-citta\/","name":"Bilbao oltre il Guggenheim: una guida di viaggio sostenibile","isPartOf":{"@id":"https:\/\/ecobnb.it\/blog\/#website"},"primaryImageOfPage":{"@id":"https:\/\/ecobnb.it\/blog\/2026\/08\/bilbao-guggenheim-viaggio-sostenibile-costa-citta\/#primaryimage"},"image":{"@id":"https:\/\/ecobnb.it\/blog\/2026\/08\/bilbao-guggenheim-viaggio-sostenibile-costa-citta\/#primaryimage"},"thumbnailUrl":"https:\/\/ecobnb.it\/blog\/app\/uploads\/sites\/2\/2026\/08\/1-1.jpg","datePublished":"2026-08-10T21:19:43+00:00","dateModified":"2026-08-18T15:10:21+00:00","description":"Scopri Bilbao oltre il Guggenheim: un viaggio sostenibile da Sopelana alla citt\u00e0, tra costa atlantica, surf, natura, mobilit\u00e0 pubblica, arte e rigenerazione urbana.","inLanguage":"it-IT","potentialAction":[{"@type":"ReadAction","target":["https:\/\/ecobnb.it\/blog\/2026\/08\/bilbao-guggenheim-viaggio-sostenibile-costa-citta\/"]}]},{"@type":"ImageObject","inLanguage":"it-IT","@id":"https:\/\/ecobnb.it\/blog\/2026\/08\/bilbao-guggenheim-viaggio-sostenibile-costa-citta\/#primaryimage","url":"https:\/\/ecobnb.it\/blog\/app\/uploads\/sites\/2\/2026\/08\/1-1.jpg","contentUrl":"https:\/\/ecobnb.it\/blog\/app\/uploads\/sites\/2\/2026\/08\/1-1.jpg","width":1170,"height":490,"caption":"The Guggenheim Museum in Bilbao"},{"@type":"WebSite","@id":"https:\/\/ecobnb.it\/blog\/#website","url":"https:\/\/ecobnb.it\/blog\/","name":"Ecobnb","description":"Trova il tuo Alloggio Ecosostenibile","publisher":{"@id":"https:\/\/ecobnb.it\/blog\/#organization"},"potentialAction":[{"@type":"SearchAction","target":{"@type":"EntryPoint","urlTemplate":"https:\/\/ecobnb.it\/blog\/?s={search_term_string}"},"query-input":{"@type":"PropertyValueSpecification","valueRequired":true,"valueName":"search_term_string"}}],"inLanguage":"it-IT"},{"@type":"Organization","@id":"https:\/\/ecobnb.it\/blog\/#organization","name":"Ecobnb","url":"https:\/\/ecobnb.it\/blog\/","logo":{"@type":"ImageObject","inLanguage":"it-IT","@id":"https:\/\/ecobnb.it\/blog\/#\/schema\/logo\/image\/","url":"https:\/\/ecobnb.it\/blog\/app\/uploads\/sites\/2\/2016\/03\/logo_transparent_512x512.png","contentUrl":"https:\/\/ecobnb.it\/blog\/app\/uploads\/sites\/2\/2016\/03\/logo_transparent_512x512.png","width":512,"height":512,"caption":"Ecobnb"},"image":{"@id":"https:\/\/ecobnb.it\/blog\/#\/schema\/logo\/image\/"},"sameAs":["https:\/\/www.facebook.com\/viaggiverdi"]},{"@type":"Person","@id":"https:\/\/ecobnb.it\/blog\/#\/schema\/person\/19e19858147b03b742b90f7f41adfab6","name":"Silvia Ombellini","image":{"@type":"ImageObject","inLanguage":"it-IT","@id":"https:\/\/secure.gravatar.com\/avatar\/3b5dcbb407574fed338f953316f1dcdc7ae62a3446c22a158ccf3bb7707b5c7d?s=96&d=monsterid&r=g","url":"https:\/\/secure.gravatar.com\/avatar\/3b5dcbb407574fed338f953316f1dcdc7ae62a3446c22a158ccf3bb7707b5c7d?s=96&d=monsterid&r=g","contentUrl":"https:\/\/secure.gravatar.com\/avatar\/3b5dcbb407574fed338f953316f1dcdc7ae62a3446c22a158ccf3bb7707b5c7d?s=96&d=monsterid&r=g","caption":"Silvia Ombellini"},"description":"I am an architect with a passion for travel. I think it is urgent to be able to live in harmony with the ecosystem we are part of. After the birth of my second baby, Leo, I began to work at Ecobnb, an adventure undertaken to change the way we travel, to make it more sustainable, respectful of the environment, places and people.","sameAs":["https:\/\/www.facebook.com\/silvia.ombellini"],"url":"https:\/\/ecobnb.it\/blog\/author\/silvia\/"}]}},"_links":{"self":[{"href":"https:\/\/ecobnb.it\/blog\/wp-json\/wp\/v2\/posts\/93405","targetHints":{"allow":["GET"]}}],"collection":[{"href":"https:\/\/ecobnb.it\/blog\/wp-json\/wp\/v2\/posts"}],"about":[{"href":"https:\/\/ecobnb.it\/blog\/wp-json\/wp\/v2\/types\/post"}],"author":[{"embeddable":true,"href":"https:\/\/ecobnb.it\/blog\/wp-json\/wp\/v2\/users\/3"}],"replies":[{"embeddable":true,"href":"https:\/\/ecobnb.it\/blog\/wp-json\/wp\/v2\/comments?post=93405"}],"version-history":[{"count":18,"href":"https:\/\/ecobnb.it\/blog\/wp-json\/wp\/v2\/posts\/93405\/revisions"}],"predecessor-version":[{"id":93550,"href":"https:\/\/ecobnb.it\/blog\/wp-json\/wp\/v2\/posts\/93405\/revisions\/93550"}],"wp:featuredmedia":[{"embeddable":true,"href":"https:\/\/ecobnb.it\/blog\/wp-json\/wp\/v2\/media\/93431"}],"wp:attachment":[{"href":"https:\/\/ecobnb.it\/blog\/wp-json\/wp\/v2\/media?parent=93405"}],"wp:term":[{"taxonomy":"category","embeddable":true,"href":"https:\/\/ecobnb.it\/blog\/wp-json\/wp\/v2\/categories?post=93405"},{"taxonomy":"post_tag","embeddable":true,"href":"https:\/\/ecobnb.it\/blog\/wp-json\/wp\/v2\/tags?post=93405"}],"curies":[{"name":"wp","href":"https:\/\/api.w.org\/{rel}","templated":true}]}}