{"id":91456,"date":"2026-04-27T14:37:41","date_gmt":"2026-04-27T12:37:41","guid":{"rendered":"https:\/\/ecobnb.it\/blog\/?p=91456"},"modified":"2026-04-27T14:52:57","modified_gmt":"2026-04-27T12:52:57","slug":"almaloca-turismo-rigenerativo-colombia-viaggio-trasformazione","status":"publish","type":"post","link":"https:\/\/ecobnb.it\/blog\/2026\/04\/almaloca-turismo-rigenerativo-colombia-viaggio-trasformazione\/","title":{"rendered":"Turismo rigenerativo in Colombia: il progetto ALMALOCA dove il viaggio diventa trasformazione"},"content":{"rendered":"\n<h2>Tra le montagne colombiane, ALMALOCA intreccia natura, comunit\u00e0 e crescita personale, ridefinendo il modo di viaggiare<\/h2>\n\n\n\n<p>Nel cuore delle <strong>montagne colombiane<\/strong>, tra foreste andine e <strong>antiche tradizioni indigene<\/strong>, esiste un progetto di ospitalit\u00e0 sostenibile che \u00e8  anche un vero e proprio <strong>stile di vita rigenerativo<\/strong>. Si chiama <strong>ALMALOCA<\/strong>, e il suo motto \u2014 <em>regeneraci\u00f3n en movimiento<\/em> \u2014 racconta gi\u00e0 tutto: non si tratta solo di accogliere viaggiatori, ma di <strong>trasformare il modo in cui abitiamo il mondo<\/strong>.<\/p>\n\n\n\n<p>ALMALOCA \u00e8 un progetto che intreccia <strong>ecologia<\/strong>, comunit\u00e0 e <strong>trasformazione personale<\/strong>. Un luogo dove <strong><a href=\"https:\/\/ecobnb.it\/blog\/2026\/01\/turismo-rigenerativo\/\" target=\"_blank\" rel=\"noreferrer noopener\">il turismo diventa strumento di rigenerazione<\/a><\/strong> e dove ogni esperienza \u00e8 pensata per riconnettere le persone con la terra, con gli altri e con s\u00e9 stesse.<\/p>\n\n\n\n<p>Abbiamo intervistato <strong>Andr\u00e9s<\/strong> e <strong>Nat<\/strong>, fondatori di ALMALOCA, per farci raccontare come nasce e prende forma questo progetto di turismo rigenerativo in Colombia.<\/p>\n\n\n\n<figure class=\"wp-block-image size-full\"><img width=\"870\" height=\"490\" src=\"https:\/\/ecobnb.it\/blog\/app\/uploads\/sites\/2\/2026\/04\/8.png\" alt=\"Almaloca, alba\" class=\"wp-image-91461\" srcset=\"https:\/\/ecobnb.it\/blog\/app\/uploads\/sites\/2\/2026\/04\/8.png 870w, https:\/\/ecobnb.it\/blog\/app\/uploads\/sites\/2\/2026\/04\/8-536x302.png 536w, https:\/\/ecobnb.it\/blog\/app\/uploads\/sites\/2\/2026\/04\/8-768x433.png 768w, https:\/\/ecobnb.it\/blog\/app\/uploads\/sites\/2\/2026\/04\/8-570x320.png 570w, https:\/\/ecobnb.it\/blog\/app\/uploads\/sites\/2\/2026\/04\/8-344x194.png 344w\" sizes=\"(max-width: 870px) 100vw, 870px\" \/><\/figure>\n\n\n\n<h2>Come nasce Almaloca?<\/h2>\n\n\n\n<p>Naty ed io ci siamo conosciuti in montagna, ci siamo riconosciuti nell\u2019incontro delle nostre visioni. Tutto \u00e8 iniziato in una maloca a Cocorn\u00e1 Antioquia, uno <strong>spazio di pensiero indigeno<\/strong> dove ci siamo connessi fin dal primo incontro. Il giorno dopo, davanti a una pietra sacra nella Cascata Coraz\u00f3n, abbiamo condiviso i nostri sogni pi\u00f9 profondi e abbiamo scoperto che stavamo camminando verso lo stesso scopo. Da quel momento abbiamo scelto il cammino di intrecciare fiducia, fondendo i nostri percorsi per <strong>co-creare un progetto<\/strong> che \u00e8, prima di tutto, un\u2019<strong>espressione del nostro stile di vita<\/strong>.<\/p>\n\n\n\n<p>Il nome ALMALOCA \u00e8 arrivato a Nat come una visione chiara e potente durante una cerimonia di medicina ancestrale. Ricevendo questo dono, ha compreso che il messaggio integrava la nostra essenza fondamentale: l\u2019\u201canima\u201d, la <strong>libert\u00e0<\/strong> espansiva che alcuni chiamano \u201cpazza\u201d, e la \u201cmaloca\u201d, il nostro rifugio sacro di pensiero. \u00c8 nato dalla nostra scelta di affidarci al processo e di <strong>fidarci pienamente di quel segno<\/strong>, trasformando quell\u2019ispirazione nel nostro cammino di coerenza interiore.<\/p>\n\n\n\n<p>ALMALOCA non nasce come un\u2019azienda turistica tradizionale con strutture rigide, ma come uno <strong>stile di vita profondo<\/strong>. \u00c8 il cammino del senso di coerenza interiore, fondato sulla volont\u00e0 e sulla filosofia del \u201cESSERE dal fare e fare per l\u2019ESSERE\u201d.<\/p>\n\n\n\n<p>ALMALOCA \u00e8 nato nel momento in cui abbiamo deciso che la nostra azienda sarebbe stata un\u2019<strong>estensione della nostra stessa esperienza di evoluzione<\/strong>. \u00c8 nato dalla volont\u00e0 pura e dal nostro coraggio di trasformarci costantemente. Abbiamo compreso che questo cammino non richiedeva di adattarsi a modelli tradizionali. <\/p>\n\n\n\n<p>Abbiamo iniziato a materializzare questa energia in \u201c<strong><a href=\"https:\/\/ecobnb.it\/CO-medellin\/rifugio\/refugio-en-la-montana-networking-con-proposito\/PQVcR\" target=\"_blank\" rel=\"noreferrer noopener\">ALMALOCA House<\/a><\/strong>\u201d, il nostro <strong>appartamento nella citt\u00e0 di Medell\u00edn<\/strong>, dove ogni decisione \u00e8 diventata celebrazione della nostra autenticit\u00e0.<\/p>\n\n\n\n<h2>Quali pratiche eco-sostenibili avete adottato?<\/h2>\n\n\n\n<h3>Architettura rigenerativa e design bioclimatico<\/h3>\n\n\n\n<figure class=\"wp-block-image size-full\"><img width=\"870\" height=\"490\" src=\"https:\/\/ecobnb.it\/blog\/app\/uploads\/sites\/2\/2026\/04\/3-4.png\" alt=\"Almaloca eco-house\" class=\"wp-image-91463\" srcset=\"https:\/\/ecobnb.it\/blog\/app\/uploads\/sites\/2\/2026\/04\/3-4.png 870w, https:\/\/ecobnb.it\/blog\/app\/uploads\/sites\/2\/2026\/04\/3-4-536x302.png 536w, https:\/\/ecobnb.it\/blog\/app\/uploads\/sites\/2\/2026\/04\/3-4-768x433.png 768w, https:\/\/ecobnb.it\/blog\/app\/uploads\/sites\/2\/2026\/04\/3-4-570x320.png 570w, https:\/\/ecobnb.it\/blog\/app\/uploads\/sites\/2\/2026\/04\/3-4-344x194.png 344w\" sizes=\"(max-width: 870px) 100vw, 870px\" \/><\/figure>\n\n\n\n<p>Ci troviamo in un <strong>terreno di 9 ettari<\/strong> nella <strong>Vereda Astilleros<\/strong> (San Antonio de Prado, Medell\u00edn), <strong>a 2.300 metri di altitudine<\/strong>, dove la \u201c<strong>Casita Amarilla<\/strong>\u201d \u2014 il nostro primo rifugio \u2014 \u00e8 stata trasformata rispettando la struttura originale ereditata dal precedente proprietario.<\/p>\n\n\n\n<h3>Riforestazione attiva e recupero degli ecosistemi<\/h3>\n\n\n\n<p>Siamo impegnati nella <strong>riforestazione attiva<\/strong> di un corridoio verde strategico che si connette con la <strong>Riserva Forestale Astilleros<\/strong> e il <strong>Cerro del Padre Amaya<\/strong>. Questo territorio ospita oltre <strong>2.000 specie di uccelli<\/strong> e 32 siti archeologici. <\/p>\n\n\n\n<p>Ogni ospite che ci visita diventa un \u201c<strong>costruttore di bosco<\/strong>\u201d, partecipando al recupero della foresta andina che stiamo piantando da zero.<\/p>\n\n\n\n<h3>Economia circolare e trasformazione dei rifiuti organici<\/h3>\n\n\n\n<p>Stiamo progettando una <em>biofabbrica<\/em>, un sistema di valorizzazione dei rifiuti organici che trasforma ci\u00f2 che altri considerano scarto in risorse preziose. <\/p>\n\n\n\n<p>Seguendo modelli di <a href=\"https:\/\/ecobnb.it\/blog\/2019\/08\/consigli-acquisti-consapevoli\/\" target=\"_blank\" rel=\"noreferrer noopener\">economia circolare<\/a>, sviluppiamo processi di <strong>compostaggio<\/strong> che restituiscono nutrienti al territorio. Il 61,5% dei rifiuti domestici in Colombia \u00e8 compostabile, e noi ci riconosciamo come parte della soluzione dalla ruralit\u00e0.<\/p>\n\n\n\n<h3>Agricoltura rigenerativa senza chimica<\/h3>\n\n\n\n<p>Il progetto include l\u2019accompagnamento dei <strong>contadini locali <\/strong>nella <strong>transizione verso coltivazioni biologiche<\/strong>, eliminando pesticidi e veleni. La nostra tavola si nutre di ci\u00f2 che loro coltivano, creando una <strong>filiera diretta<\/strong>, giusta e trasparente.<\/p>\n\n\n\n<h3>Turismo rigenerativo<\/h3>\n\n\n\n<figure class=\"wp-block-image size-full\"><img width=\"870\" height=\"490\" src=\"https:\/\/ecobnb.it\/blog\/app\/uploads\/sites\/2\/2026\/04\/1-3.png\" alt=\"turismo rigenerativo in Colombia\" class=\"wp-image-91462\" srcset=\"https:\/\/ecobnb.it\/blog\/app\/uploads\/sites\/2\/2026\/04\/1-3.png 870w, https:\/\/ecobnb.it\/blog\/app\/uploads\/sites\/2\/2026\/04\/1-3-536x302.png 536w, https:\/\/ecobnb.it\/blog\/app\/uploads\/sites\/2\/2026\/04\/1-3-768x433.png 768w, https:\/\/ecobnb.it\/blog\/app\/uploads\/sites\/2\/2026\/04\/1-3-570x320.png 570w, https:\/\/ecobnb.it\/blog\/app\/uploads\/sites\/2\/2026\/04\/1-3-344x194.png 344w\" sizes=\"(max-width: 870px) 100vw, 870px\" \/><\/figure>\n\n\n\n<p>Ogni esperienza \u00e8 pensata affinch\u00e9 il <strong>visitatore diventi un agente attivo di rigenerazione<\/strong>: partecipa a piantumazioni, apprende il recupero ecologico e <strong>contribuisce direttamente all\u2019economia locale<\/strong>.<\/p>\n\n\n\n<h3>Integrazione comunitaria e governance locale<\/h3>\n\n\n\n<p>Siamo parte della Junta de Acci\u00f3n Comunal e partecipiamo alle decisioni del territorio, sostenendo gli imprenditori locali e creando alleanze con i leader comunitari.<\/p>\n\n\n\n<h3>Educazione e trasferimento di conoscenze<\/h3>\n\n\n\n<p>Stiamo sviluppando la Scuola di Rigenerazione in Movimento, condividendo metodologie rigenerative con imprenditori e comunit\u00e0 locali.<\/p>\n\n\n\n<h3>Alleanze strategiche<\/h3>\n\n\n\n<p>Collaboriamo con istituzioni pubbliche e movimenti sociali per rafforzare pratiche sostenibili e politiche di economia circolare.<\/p>\n\n\n\n<h3>Piattaforma digitale per viaggiatori rigenerativi<\/h3>\n\n\n\n<p>Stiamo sviluppando un e-commerce che connette prodotti locali rigenerativi con consumatori consapevoli.<\/p>\n\n\n\n<h3>Rispetto dei saperi ancestrali<\/h3>\n\n\n\n<p>Manteniamo un legame vivo con le <strong>comunit\u00e0 Kogui<\/strong> e <strong>Arhuaco<\/strong>, dalle quali abbiamo imparato il <strong>rispetto del pensiero e della Madre Terra<\/strong>.<\/p>\n\n\n\n<h2>Cosa apprezzano di pi\u00f9 gli ospiti dell\u2019esperienza Almaloca?<\/h2>\n\n\n\n<figure class=\"wp-block-image size-full\"><img width=\"870\" height=\"490\" src=\"https:\/\/ecobnb.it\/blog\/app\/uploads\/sites\/2\/2026\/04\/7-1.png\" alt=\"Immersione nella natura e relax ad Almaloca, Colombia\" class=\"wp-image-91467\" srcset=\"https:\/\/ecobnb.it\/blog\/app\/uploads\/sites\/2\/2026\/04\/7-1.png 870w, https:\/\/ecobnb.it\/blog\/app\/uploads\/sites\/2\/2026\/04\/7-1-536x302.png 536w, https:\/\/ecobnb.it\/blog\/app\/uploads\/sites\/2\/2026\/04\/7-1-768x433.png 768w, https:\/\/ecobnb.it\/blog\/app\/uploads\/sites\/2\/2026\/04\/7-1-570x320.png 570w, https:\/\/ecobnb.it\/blog\/app\/uploads\/sites\/2\/2026\/04\/7-1-344x194.png 344w\" sizes=\"(max-width: 870px) 100vw, 870px\" \/><\/figure>\n\n\n\n<p>\u201cAd ALMALOCA accompagniamo anime viaggiatrici che arrivano cercando qualcosa che ancora non sanno nominare, e se ne vanno dopo averlo trovato.\u201d<\/p>\n\n\n\n<h3>Il ritorno a s\u00e9 stessi<\/h3>\n\n\n\n<p>Ci\u00f2 che gli ospiti apprezzano di pi\u00f9 \u00e8 lo spazio sacro del riconoscimento personale. \u201cla piccola casa della mia anima\u201d, dove si ritrova una calma che non \u00e8 solo silenzio, ma presenza.<\/p>\n\n\n\n<h3>Ispirazione trasformativa<\/h3>\n\n\n\n<figure class=\"wp-block-image size-full\"><img width=\"870\" height=\"490\" src=\"https:\/\/ecobnb.it\/blog\/app\/uploads\/sites\/2\/2026\/04\/4-2.png\" alt=\"Viaggiatori che vivono esperienze trasformative ad Almaloca\" class=\"wp-image-91464\" srcset=\"https:\/\/ecobnb.it\/blog\/app\/uploads\/sites\/2\/2026\/04\/4-2.png 870w, https:\/\/ecobnb.it\/blog\/app\/uploads\/sites\/2\/2026\/04\/4-2-536x302.png 536w, https:\/\/ecobnb.it\/blog\/app\/uploads\/sites\/2\/2026\/04\/4-2-768x433.png 768w, https:\/\/ecobnb.it\/blog\/app\/uploads\/sites\/2\/2026\/04\/4-2-570x320.png 570w, https:\/\/ecobnb.it\/blog\/app\/uploads\/sites\/2\/2026\/04\/4-2-344x194.png 344w\" sizes=\"(max-width: 870px) 100vw, 870px\" \/><\/figure>\n\n\n\n<p>\u201cUn viaggiatore che vive un\u2019esperienza Almaloca si ispira\u201d: a cambiare, a creare, a vivere in modo pi\u00f9 autentico.<\/p>\n\n\n\n<h3>Contrasto tra montagna e visione<\/h3>\n\n\n\n<p>Apprezzano l\u2019incontro tra saggezza ancestrale e innovazione rigenerativa.<\/p>\n\n\n\n<h3>Semplicit\u00e0 essenziale<\/h3>\n\n\n\n<p>Aria pura, silenzio, connessione: la semplicit\u00e0 diventa abbondanza.<\/p>\n\n\n\n<h3>Co-creazione<\/h3>\n\n\n\n<p>Ogni ospite contribuisce alla riforestazione e all\u2019economia locale.<\/p>\n\n\n\n<h3>Comunit\u00e0 di anime affini<\/h3>\n\n\n\n<p>Un incontro tra persone che condividono lo stesso cammino di trasformazione.<\/p>\n\n\n\n<h2>Quali esperienze consigliate di non perdere nei dintorni?<\/h2>\n\n\n\n<figure class=\"wp-block-image size-full\"><img width=\"870\" height=\"490\" src=\"https:\/\/ecobnb.it\/blog\/app\/uploads\/sites\/2\/2026\/04\/5-2.png\" alt=\"Boschi e natura incontaminata vicino ad Almaloca\" class=\"wp-image-91465\" srcset=\"https:\/\/ecobnb.it\/blog\/app\/uploads\/sites\/2\/2026\/04\/5-2.png 870w, https:\/\/ecobnb.it\/blog\/app\/uploads\/sites\/2\/2026\/04\/5-2-536x302.png 536w, https:\/\/ecobnb.it\/blog\/app\/uploads\/sites\/2\/2026\/04\/5-2-768x433.png 768w, https:\/\/ecobnb.it\/blog\/app\/uploads\/sites\/2\/2026\/04\/5-2-570x320.png 570w, https:\/\/ecobnb.it\/blog\/app\/uploads\/sites\/2\/2026\/04\/5-2-344x194.png 344w\" sizes=\"(max-width: 870px) 100vw, 870px\" \/><\/figure>\n\n\n\n<p>Escursioni nei <strong><a href=\"https:\/\/ecobnb.it\/blog\/2016\/03\/camminare-nei-boschi\/\" target=\"_blank\" rel=\"noreferrer noopener\">boschi<\/a><\/strong>, immersioni nelle <strong>cascate<\/strong>, trekking panoramici, rituali al tramonto e <strong>percorsi esperienziali nella natura<\/strong>.<\/p>\n\n\n\n<p>Dalle Ande colombiane fino a Ecuador, Bolivia e Per\u00f9, ogni itinerario \u00e8 pensato come un viaggio trasformativo tra natura e consapevolezza.<\/p>\n\n\n\n<h2>Cosa significa far parte di Ecobnb?<\/h2>\n\n\n\n<p>\u201cPer Almaloca, far parte di Ecobnb \u00e8 un incontro di complici rigenerativi.\u201d<\/p>\n\n\n\n<p>Ecobnb rappresenta il riconoscimento di una <strong>comunit\u00e0 di valori condivisi<\/strong>, un ponte tra viaggiatori consapevoli e progetti che credono in un turismo rigenerativo. \u00c8 uno spazio di co-creazione, dove la rigenerazione personale e territoriale diventano la stessa cosa.<\/p>\n\n\n\n<figure class=\"wp-block-image size-full\"><img width=\"870\" height=\"490\" src=\"https:\/\/ecobnb.it\/blog\/app\/uploads\/sites\/2\/2026\/04\/6-2.png\" alt=\"tramonto sul paesaggio naturale di Almaloca, Colombia\" class=\"wp-image-91466\" srcset=\"https:\/\/ecobnb.it\/blog\/app\/uploads\/sites\/2\/2026\/04\/6-2.png 870w, https:\/\/ecobnb.it\/blog\/app\/uploads\/sites\/2\/2026\/04\/6-2-536x302.png 536w, https:\/\/ecobnb.it\/blog\/app\/uploads\/sites\/2\/2026\/04\/6-2-768x433.png 768w, https:\/\/ecobnb.it\/blog\/app\/uploads\/sites\/2\/2026\/04\/6-2-570x320.png 570w, https:\/\/ecobnb.it\/blog\/app\/uploads\/sites\/2\/2026\/04\/6-2-344x194.png 344w\" sizes=\"(max-width: 870px) 100vw, 870px\" \/><\/figure>\n\n\n\n<p>Grazie Andr\u00e9s e Nat per questa intervista!<\/p>\n\n\n\n<p>ALMALOCA \u00e8 la dimostrazione concreta che <strong>un altro modo di viaggiare<\/strong> \u00e8 possibile, ed \u00e8 gi\u00e0 realt\u00e0.<\/p>\n\n\n\n<p>In un mondo in cui il turismo spesso consuma territori e culture, progetti come questo dimostrano che \u00e8 possibile un\u2019altra strada: quella della rigenerazione, della comunit\u00e0 e della consapevolezza.<\/p>\n\n\n\n<p>Entrare in contatto con realt\u00e0 come <a href=\"https:\/\/ecobnb.it\/CO-medellin\/rifugio\/refugio-en-la-montana-networking-con-proposito\/PQVcR\" target=\"_blank\" rel=\"noreferrer noopener\"><strong>ALMALOCA<\/strong><\/a> significa riscoprire il <strong>senso pi\u00f9 profondo del viaggiare<\/strong>: non solo esplorare il mondo, ma trasformarlo \u2014 e trasformarsi, passo dopo passo, insieme a lui.<\/p>\n","protected":false},"excerpt":{"rendered":"<p>Tra le montagne colombiane, ALMALOCA intreccia natura, comunit\u00e0 e crescita personale, ridefinendo il modo di viaggiare Nel cuore delle montagne colombiane, tra foreste andine e antiche tradizioni indigene, esiste un progetto di ospitalit\u00e0 sostenibile che \u00e8 anche un vero e proprio stile di vita rigenerativo. Si chiama ALMALOCA, e il suo motto \u2014 regeneraci\u00f3n en [&hellip;]<\/p>\n","protected":false},"author":3,"featured_media":91459,"comment_status":"closed","ping_status":"closed","sticky":false,"template":"","format":"standard","meta":[],"categories":[4710],"tags":[3052,132,4885,199,4296],"acf":[],"yoast_head":"<!-- This site is optimized with the Yoast SEO plugin v19.9 - https:\/\/yoast.com\/wordpress\/plugins\/seo\/ -->\n<title>Colombia: ALMALOCA e il viaggio che rigenera anima e natura<\/title>\n<meta name=\"description\" content=\"Nel cuore della Colombia, ALMALOCA trasforma il viaggio in un\u2019esperienza rigenerativa tra natura, comunit\u00e0 e crescita personale.\" \/>\n<meta name=\"robots\" content=\"index, follow, max-snippet:-1, max-image-preview:large, max-video-preview:-1\" \/>\n<link rel=\"canonical\" href=\"https:\/\/ecobnb.it\/blog\/2026\/04\/almaloca-turismo-rigenerativo-colombia-viaggio-trasformazione\/\" \/>\n<meta property=\"og:locale\" content=\"it_IT\" \/>\n<meta property=\"og:type\" content=\"article\" \/>\n<meta property=\"og:title\" content=\"Colombia: ALMALOCA e il viaggio che rigenera anima e natura\" \/>\n<meta property=\"og:description\" content=\"Nel cuore della Colombia, ALMALOCA trasforma il viaggio in un\u2019esperienza rigenerativa tra natura, comunit\u00e0 e crescita personale.\" \/>\n<meta property=\"og:url\" content=\"https:\/\/ecobnb.it\/blog\/2026\/04\/almaloca-turismo-rigenerativo-colombia-viaggio-trasformazione\/\" \/>\n<meta property=\"og:site_name\" content=\"Ecobnb\" \/>\n<meta property=\"article:publisher\" content=\"https:\/\/www.facebook.com\/viaggiverdi\" \/>\n<meta property=\"article:author\" content=\"https:\/\/www.facebook.com\/silvia.ombellini\" \/>\n<meta property=\"article:published_time\" content=\"2026-04-27T12:37:41+00:00\" \/>\n<meta property=\"article:modified_time\" content=\"2026-04-27T12:52:57+00:00\" \/>\n<meta property=\"og:image\" content=\"https:\/\/ecobnb.it\/blog\/app\/uploads\/sites\/2\/2026\/04\/Turismo-rigenerativo-in-Colombia.jpg\" \/>\n\t<meta property=\"og:image:width\" content=\"1170\" \/>\n\t<meta property=\"og:image:height\" content=\"490\" \/>\n\t<meta property=\"og:image:type\" content=\"image\/jpeg\" \/>\n<meta name=\"author\" content=\"Silvia Ombellini\" \/>\n<meta name=\"twitter:label1\" content=\"Written by\" \/>\n\t<meta name=\"twitter:data1\" content=\"Silvia Ombellini\" \/>\n\t<meta name=\"twitter:label2\" content=\"Est. reading time\" \/>\n\t<meta name=\"twitter:data2\" content=\"8 minutes\" \/>\n<!-- \/ Yoast SEO plugin. -->","yoast_head_json":{"title":"Colombia: ALMALOCA e il viaggio che rigenera anima e natura","description":"Nel cuore della Colombia, ALMALOCA trasforma il viaggio in un\u2019esperienza rigenerativa tra natura, comunit\u00e0 e crescita personale.","robots":{"index":"index","follow":"follow","max-snippet":"max-snippet:-1","max-image-preview":"max-image-preview:large","max-video-preview":"max-video-preview:-1"},"canonical":"https:\/\/ecobnb.it\/blog\/2026\/04\/almaloca-turismo-rigenerativo-colombia-viaggio-trasformazione\/","og_locale":"it_IT","og_type":"article","og_title":"Colombia: ALMALOCA e il viaggio che rigenera anima e natura","og_description":"Nel cuore della Colombia, ALMALOCA trasforma il viaggio in un\u2019esperienza rigenerativa tra natura, comunit\u00e0 e crescita personale.","og_url":"https:\/\/ecobnb.it\/blog\/2026\/04\/almaloca-turismo-rigenerativo-colombia-viaggio-trasformazione\/","og_site_name":"Ecobnb","article_publisher":"https:\/\/www.facebook.com\/viaggiverdi","article_author":"https:\/\/www.facebook.com\/silvia.ombellini","article_published_time":"2026-04-27T12:37:41+00:00","article_modified_time":"2026-04-27T12:52:57+00:00","og_image":[{"width":1170,"height":490,"url":"https:\/\/ecobnb.it\/blog\/app\/uploads\/sites\/2\/2026\/04\/Turismo-rigenerativo-in-Colombia.jpg","type":"image\/jpeg"}],"author":"Silvia Ombellini","twitter_misc":{"Written by":"Silvia Ombellini","Est. reading time":"8 minutes"},"schema":{"@context":"https:\/\/schema.org","@graph":[{"@type":"Article","@id":"https:\/\/ecobnb.it\/blog\/2026\/04\/almaloca-turismo-rigenerativo-colombia-viaggio-trasformazione\/#article","isPartOf":{"@id":"https:\/\/ecobnb.it\/blog\/2026\/04\/almaloca-turismo-rigenerativo-colombia-viaggio-trasformazione\/"},"author":{"name":"Silvia Ombellini","@id":"https:\/\/ecobnb.it\/blog\/#\/schema\/person\/19e19858147b03b742b90f7f41adfab6"},"headline":"Turismo rigenerativo in Colombia: il progetto ALMALOCA dove il viaggio diventa trasformazione","datePublished":"2026-04-27T12:37:41+00:00","dateModified":"2026-04-27T12:52:57+00:00","mainEntityOfPage":{"@id":"https:\/\/ecobnb.it\/blog\/2026\/04\/almaloca-turismo-rigenerativo-colombia-viaggio-trasformazione\/"},"wordCount":1089,"publisher":{"@id":"https:\/\/ecobnb.it\/blog\/#organization"},"keywords":["Colombia","montagna","turismo rigenerativo","turismo sostenibile","viaggi eco-consapevoli"],"articleSection":["Interviste"],"inLanguage":"it-IT"},{"@type":"WebPage","@id":"https:\/\/ecobnb.it\/blog\/2026\/04\/almaloca-turismo-rigenerativo-colombia-viaggio-trasformazione\/","url":"https:\/\/ecobnb.it\/blog\/2026\/04\/almaloca-turismo-rigenerativo-colombia-viaggio-trasformazione\/","name":"Colombia: ALMALOCA e il viaggio che rigenera anima e natura","isPartOf":{"@id":"https:\/\/ecobnb.it\/blog\/#website"},"datePublished":"2026-04-27T12:37:41+00:00","dateModified":"2026-04-27T12:52:57+00:00","description":"Nel cuore della Colombia, ALMALOCA trasforma il viaggio in un\u2019esperienza rigenerativa tra natura, comunit\u00e0 e crescita personale.","inLanguage":"it-IT","potentialAction":[{"@type":"ReadAction","target":["https:\/\/ecobnb.it\/blog\/2026\/04\/almaloca-turismo-rigenerativo-colombia-viaggio-trasformazione\/"]}]},{"@type":"WebSite","@id":"https:\/\/ecobnb.it\/blog\/#website","url":"https:\/\/ecobnb.it\/blog\/","name":"Ecobnb","description":"Trova il tuo Alloggio Ecosostenibile","publisher":{"@id":"https:\/\/ecobnb.it\/blog\/#organization"},"potentialAction":[{"@type":"SearchAction","target":{"@type":"EntryPoint","urlTemplate":"https:\/\/ecobnb.it\/blog\/?s={search_term_string}"},"query-input":"required name=search_term_string"}],"inLanguage":"it-IT"},{"@type":"Organization","@id":"https:\/\/ecobnb.it\/blog\/#organization","name":"Ecobnb","url":"https:\/\/ecobnb.it\/blog\/","logo":{"@type":"ImageObject","inLanguage":"it-IT","@id":"https:\/\/ecobnb.it\/blog\/#\/schema\/logo\/image\/","url":"https:\/\/ecobnb.it\/blog\/app\/uploads\/sites\/2\/2016\/03\/logo_transparent_512x512.png","contentUrl":"https:\/\/ecobnb.it\/blog\/app\/uploads\/sites\/2\/2016\/03\/logo_transparent_512x512.png","width":512,"height":512,"caption":"Ecobnb"},"image":{"@id":"https:\/\/ecobnb.it\/blog\/#\/schema\/logo\/image\/"},"sameAs":["https:\/\/www.facebook.com\/viaggiverdi"]},{"@type":"Person","@id":"https:\/\/ecobnb.it\/blog\/#\/schema\/person\/19e19858147b03b742b90f7f41adfab6","name":"Silvia Ombellini","image":{"@type":"ImageObject","inLanguage":"it-IT","@id":"https:\/\/ecobnb.it\/blog\/#\/schema\/person\/image\/","url":"https:\/\/secure.gravatar.com\/avatar\/4e00652aff1cc45ba9b112fc1a118938?s=96&d=monsterid&r=g","contentUrl":"https:\/\/secure.gravatar.com\/avatar\/4e00652aff1cc45ba9b112fc1a118938?s=96&d=monsterid&r=g","caption":"Silvia Ombellini"},"description":"I am an architect with a passion for travel. I think it is urgent to be able to live in harmony with the ecosystem we are part of. After the birth of my second baby, Leo, I began to work at Ecobnb, an adventure undertaken to change the way we travel, to make it more sustainable, respectful of the environment, places and people.","sameAs":["https:\/\/www.facebook.com\/silvia.ombellini"],"url":"https:\/\/ecobnb.it\/blog\/author\/silvia\/"}]}},"_links":{"self":[{"href":"https:\/\/ecobnb.it\/blog\/wp-json\/wp\/v2\/posts\/91456"}],"collection":[{"href":"https:\/\/ecobnb.it\/blog\/wp-json\/wp\/v2\/posts"}],"about":[{"href":"https:\/\/ecobnb.it\/blog\/wp-json\/wp\/v2\/types\/post"}],"author":[{"embeddable":true,"href":"https:\/\/ecobnb.it\/blog\/wp-json\/wp\/v2\/users\/3"}],"replies":[{"embeddable":true,"href":"https:\/\/ecobnb.it\/blog\/wp-json\/wp\/v2\/comments?post=91456"}],"version-history":[{"count":17,"href":"https:\/\/ecobnb.it\/blog\/wp-json\/wp\/v2\/posts\/91456\/revisions"}],"predecessor-version":[{"id":91489,"href":"https:\/\/ecobnb.it\/blog\/wp-json\/wp\/v2\/posts\/91456\/revisions\/91489"}],"wp:featuredmedia":[{"embeddable":true,"href":"https:\/\/ecobnb.it\/blog\/wp-json\/wp\/v2\/media\/91459"}],"wp:attachment":[{"href":"https:\/\/ecobnb.it\/blog\/wp-json\/wp\/v2\/media?parent=91456"}],"wp:term":[{"taxonomy":"category","embeddable":true,"href":"https:\/\/ecobnb.it\/blog\/wp-json\/wp\/v2\/categories?post=91456"},{"taxonomy":"post_tag","embeddable":true,"href":"https:\/\/ecobnb.it\/blog\/wp-json\/wp\/v2\/tags?post=91456"}],"curies":[{"name":"wp","href":"https:\/\/api.w.org\/{rel}","templated":true}]}}