{"id":65439,"date":"2022-02-15T14:58:58","date_gmt":"2022-02-15T13:58:58","guid":{"rendered":"https:\/\/ecobnb.it\/blog\/?p=65439"},"modified":"2022-04-26T18:37:45","modified_gmt":"2022-04-26T16:37:45","slug":"adamello-brenta-convenzione-turismo-sostenibile","status":"publish","type":"post","link":"https:\/\/ecobnb.it\/blog\/2022\/02\/adamello-brenta-convenzione-turismo-sostenibile\/","title":{"rendered":"Il Parco Adamello Brenta con Ecobnb per Promuovere il Turismo Sostenibile"},"content":{"rendered":"<h2>Prosegue la collaborazione tra il Parco Adamello Brenta ed Ecobnb per promuovere il Turismo Sostenibile nell&#8217;area protetta pi\u00f9 vasta del Trentino. Scopri tutti i vantaggi e le opportunit\u00e0 per la tua ospitalit\u00e0 CETS-Qualit\u00e0 Parco!<\/h2>\n<p>La scelta di <a href=\"https:\/\/ecobnb.it\/blog\/2021\/05\/ospitalita-green-sostenibile\/\" target=\"_blank\" rel=\"noopener\">gestire la tua struttura ricettiva in modo sostenibile<\/a> \u00e8 un passo importante per ridurre l&#8217;umpronta ecologica del turismo e coinvolgere in questa missione sempre nuovi viaggiatori. Con il <strong>Parco Adamello Brenta<\/strong>\u00a0stiamo lavorando gi\u00e0 da tre anni in questa direzione. La convenzione con il Parco ha portato ha buoni risultati ed \u00e8 stata rinnovata per i prossimi tre anni.<\/p>\n<p>Per questo, se sei una <strong>struttura ricettiva con <a href=\"https:\/\/ecobnb.it\/blog\/2020\/03\/qualita-parco-hotel-green-adamello-brenta\/\" target=\"_blank\" rel=\"noopener\">marchio Qualit\u00e0 Parco Adamello Brenta<\/a><\/strong> avrai pi\u00f9 strumenti gratuiti per migliorare la tua eco-sostenibilit\u00e0 e comunicarla ai tuoi ospiti.\u00a0 Infatti, lavoreremo conoscere le <a href=\"https:\/\/ecobnb.it\/s\/IT?customTerm=227termId&amp;bounds=46.5%2C18.5%2C35.5%2C6.5%20\" target=\"_blank\" rel=\"noopener\"><strong>strutture ricettive eco-sostenibili<\/strong> <strong>con<\/strong> <strong>marchio CETS Qualit\u00e0 Parco<\/strong><\/a> e le bellezze del Parco Adamello Brenta ad un crescente numero di viaggiatori interessati al <strong>turismo responsabile<\/strong>.<\/p>\n<p>La convenzione tra Ecobnb e il Parco Adamello Brenta include:<\/p>\n<ol>\n<li><a href=\"https:\/\/ecobnb.it\/speciale\/adamello-brenta\" target=\"_blank\" rel=\"noopener\"><strong>Landing page dedicata al Parco Adamello Brenta e alle ospitalit\u00e0 parco<\/strong><\/a> richiamata anche nell\u2019<a href=\"https:\/\/ecobnb.it\" target=\"_blank\" rel=\"noopener\">homepage di Ecobnb<\/a> e tradotta in 5 lingue;<\/li>\n<li><a href=\"https:\/\/ecobnb.it\/parco-adamello-brenta\/guida\" target=\"_blank\" rel=\"noopener\"><strong>Guida Green al Parco Adamello Brenta<\/strong><\/a>, in italiano e in inglese, e <a href=\"https:\/\/ecobnb.it\/s\/IT?customTerm=227termId&amp;bounds=46.5%2C18.5%2C35.5%2C6.5\" target=\"_blank\" rel=\"noopener\">mappatura delle ospitalit\u00e0 eco-friendly<\/a> del Parco in 5 lingue;<\/li>\n<li><a href=\"https:\/\/ecobnb.it\/blog\/?s=Parco+Naturale+Adamello+Brenta\" target=\"_blank\" rel=\"noopener\"><strong>Articoli sul Blog di Ecobnb<\/strong><\/a>, in varie lingue, dedicati al Parco Naturale Adamello Brenta e alle Ospitalit\u00e0 Parco.<\/li>\n<\/ol>\n<h2><img class=\"alignnone wp-image-67150 size-large\" src=\"https:\/\/ecobnb.it\/blog\/app\/uploads\/sites\/2\/2022\/02\/copertina-e1644393220480-870x364.jpg\" alt=\"destinazioni green: Parco Adamello Brenta\" width=\"870\" height=\"364\" srcset=\"https:\/\/ecobnb.it\/blog\/app\/uploads\/sites\/2\/2022\/02\/copertina-e1644393220480.jpg 870w, https:\/\/ecobnb.it\/blog\/app\/uploads\/sites\/2\/2022\/02\/copertina-e1644393220480-536x224.jpg 536w, https:\/\/ecobnb.it\/blog\/app\/uploads\/sites\/2\/2022\/02\/copertina-e1644393220480-768x321.jpg 768w, https:\/\/ecobnb.it\/blog\/app\/uploads\/sites\/2\/2022\/02\/copertina-e1644393220480-344x144.jpg 344w\" sizes=\"(max-width: 870px) 100vw, 870px\" \/><\/h2>\n<h2>Vantaggi per le Ospitalit\u00e0 CETS-Qualit\u00e0 Parco<\/h2>\n<p>La tua struttura ricettiva CETS-Qualit\u00e0 Parco potr\u00e0 cos\u00ec:<\/p>\n<ul>\n<li><strong>Ricevere il contatto diretto dell\u2019ospite (email e telefono)<\/strong> gi\u00e0 dalla prima richiesta di disponibilit\u00e0 tramite Ecobnb, come mostrato nell\u2019immagine che segue;<\/li>\n<\/ul>\n<p><img class=\"alignnone wp-image-67152 size-large\" src=\"https:\/\/ecobnb.it\/blog\/app\/uploads\/sites\/2\/2022\/02\/Esempio_Contatti_Ospiti-536x519-536x490.png\" alt=\"esempio contatti ospiti\" width=\"536\" height=\"490\" \/><\/p>\n<ul>\n<li><strong>Creare offerte speciali<\/strong> che saranno visibili nella <a href=\"https:\/\/ecobnb.it\/offerte\/\" target=\"_blank\" rel=\"noopener\">pagina offerte<\/a> e nell\u2019homepage di Ecobnb.\u00a0<a href=\"https:\/\/www.youtube.com\/watch?v=8hW0PDLCnGs&amp;ab_channel=Ecobnb.it\" target=\"_blank\" rel=\"noopener\">In questo breve video \u00e8 spiegato come creare le offerte speciali.<\/a><\/li>\n<\/ul>\n<p><img class=\"alignnone wp-image-67153 size-full\" src=\"https:\/\/ecobnb.it\/blog\/app\/uploads\/sites\/2\/2022\/02\/offerte_speciali-536x241.png\" alt=\"adamello brenta offerte speciali\" width=\"536\" height=\"241\" srcset=\"https:\/\/ecobnb.it\/blog\/app\/uploads\/sites\/2\/2022\/02\/offerte_speciali-536x241.png 536w, https:\/\/ecobnb.it\/blog\/app\/uploads\/sites\/2\/2022\/02\/offerte_speciali-536x241-344x155.png 344w\" sizes=\"(max-width: 536px) 100vw, 536px\" \/><\/p>\n<ul>\n<li>Promuovere la tua attenzione alla sostenibilit\u00e0, anche attraverso i <a href=\"https:\/\/ecobnb.it\/blog\/materiale-comunicare-sostenibilita\/\" target=\"_blank\" rel=\"noopener\"><strong>distintivi e loghi di Ecobnb che puoi scaricare gratuitamente qui<\/strong><\/a>.<\/li>\n<\/ul>\n<p><img class=\"size-medium wp-image-47226\" src=\"https:\/\/ecobnb.it\/blog\/app\/uploads\/sites\/2\/2020\/01\/Natura-Ecobnb-1-536x536.jpg\" alt=\"Natura-Ecobnb logo\" width=\"536\" height=\"536\" srcset=\"https:\/\/ecobnb.it\/blog\/app\/uploads\/sites\/2\/2020\/01\/Natura-Ecobnb-1-536x536.jpg 536w, https:\/\/ecobnb.it\/blog\/app\/uploads\/sites\/2\/2020\/01\/Natura-Ecobnb-1-768x768.jpg 768w, https:\/\/ecobnb.it\/blog\/app\/uploads\/sites\/2\/2020\/01\/Natura-Ecobnb-1-344x344.jpg 344w, https:\/\/ecobnb.it\/blog\/app\/uploads\/sites\/2\/2020\/01\/Natura-Ecobnb-1.jpg 2000w\" sizes=\"(max-width: 536px) 100vw, 536px\" \/><\/p>\n<h2>Nuove opportunit\u00e0<\/h2>\n<p>Inoltre, da quest\u2019anno ci sono alcune importanti novit\u00e0:<\/p>\n<ol>\n<li><strong>Prenotazione pi\u00f9 veloce<\/strong>: Hai la possibilit\u00e0 di sincronizzare il tuo calendario ICAL con Ecobnb per ricevere le prenotazioni in modo pi\u00f9 rapido (evitando anche di ricevere messaggi quando la tua struttura \u00e8 fully booked)&#8230; <a href=\"https:\/\/ecobnb.it\/blog\/prezzi-disponibilita-spazi\/\" target=\"_blank\" rel=\"noopener\">Qui puoi scoprire come fare<\/a><\/li>\n<li><strong>Fornitori Green<\/strong>: Ecobnb ha creato una selezione di fornitori green convenzionati che offrono sconti alle strutture iscritte alla piattaforma e propongono prodotti o servizi utili per migliorare la propria eco-sostenibilit\u00e0, dall\u2019energia pulita, al cibo biologico, dai saponi naturali, ai punti ricarica per veicoli elettrici\u2026 <a href=\"https:\/\/ecobnb.it\/blog\/partner-convenzionati\/\" target=\"_blank\" rel=\"noopener\">Maggiori informazioni a questo link<\/a><\/li>\n<li><strong>Articoli-interviste sul Blog di Ecobnb<\/strong>: Ecobnb sta programmando degli articoli-intervista per il blog dedicati alle strutture pi\u00f9 virtuose con marchio Qualit\u00e0 Parco Adamello Brenta. Se sei interessato,\u00a0<strong><a href=\"https:\/\/docs.google.com\/forms\/d\/e\/1FAIpQLScTHkLvgFMHNGFrthxPUWgxRGJuP5BUm0Xi2fSayrzXLDa-Vw\/viewform\" target=\"_blank\" rel=\"noopener\">segui questo link per partecipare<\/a><\/strong><\/li>\n<\/ol>\n<p><a href=\"https:\/\/ecobnb.it\/blog\/partner-convenzionati\/\"><img class=\"alignnone wp-image-59068 size-large\" src=\"https:\/\/ecobnb.it\/blog\/app\/uploads\/sites\/2\/2021\/03\/Catalogo-Fornitori-Green-Ecobnb-870x490.jpg\" alt=\"Catalogo dei fornitori green per il tuo eco-bnb e hotel\" width=\"870\" height=\"490\" srcset=\"https:\/\/ecobnb.it\/blog\/app\/uploads\/sites\/2\/2021\/03\/Catalogo-Fornitori-Green-Ecobnb-870x490.jpg 870w, https:\/\/ecobnb.it\/blog\/app\/uploads\/sites\/2\/2021\/03\/Catalogo-Fornitori-Green-Ecobnb-570x320.jpg 570w\" sizes=\"(max-width: 870px) 100vw, 870px\" \/><\/a><\/p>\n<h2>Corsi di Formazione<\/h2>\n<p>Stiamo programmando i prossimi momenti di formazione e workshop da organizzare con le strutture ricettive CETS-Qualit\u00e0 Parco.\u00a0Abbiamo numerosi temi in mente e ci piacerebbe parlarne con te\u2026<strong> <a href=\"https:\/\/docs.google.com\/forms\/d\/e\/1FAIpQLSc4ALbSvusKkGM4yXS095L-WnFJSnyN4DadKMjtiC_dvrqH8Q\/viewform\" target=\"_blank\" rel=\"noopener\">condividi la tua idea qui!<\/a><\/strong><\/p>\n<p><img class=\"alignnone wp-image-67155 size-full\" src=\"https:\/\/ecobnb.it\/blog\/app\/uploads\/sites\/2\/2022\/02\/corsi-formazione-ecobnb.jpg\" alt=\"\" width=\"870\" height=\"490\" srcset=\"https:\/\/ecobnb.it\/blog\/app\/uploads\/sites\/2\/2022\/02\/corsi-formazione-ecobnb.jpg 870w, https:\/\/ecobnb.it\/blog\/app\/uploads\/sites\/2\/2022\/02\/corsi-formazione-ecobnb-536x302.jpg 536w, https:\/\/ecobnb.it\/blog\/app\/uploads\/sites\/2\/2022\/02\/corsi-formazione-ecobnb-768x433.jpg 768w, https:\/\/ecobnb.it\/blog\/app\/uploads\/sites\/2\/2022\/02\/corsi-formazione-ecobnb-570x320.jpg 570w, https:\/\/ecobnb.it\/blog\/app\/uploads\/sites\/2\/2022\/02\/corsi-formazione-ecobnb-344x194.jpg 344w\" sizes=\"(max-width: 870px) 100vw, 870px\" \/><\/p>\n<p>La collaborazione di Ecobnb con il Parco Adamello Brenta offre <strong>numerosi vantaggi per la tua ospitalit\u00e0 Qualit\u00e0 Parco.<\/strong> Il contatto diretto dei viaggiatori, la\u00a0prenotazione pi\u00f9 rapida, gli articoli-interviste sul blog, gli sconti per l&#8217;acquisto di prodotti o servizi sostenibili, i momenti di formazione&#8230; sono solo alcune delle opportunit\u00e0 che non dovresti lasciarti perdere!<\/p>\n","protected":false},"excerpt":{"rendered":"<p>Prosegue la collaborazione tra il Parco Adamello Brenta ed Ecobnb per promuovere il Turismo Sostenibile nell&#8217;area protetta pi\u00f9 vasta del Trentino. Scopri tutti i vantaggi e le opportunit\u00e0 per la tua ospitalit\u00e0 CETS-Qualit\u00e0 Parco! La scelta di gestire la tua struttura ricettiva in modo sostenibile \u00e8 un passo importante per ridurre l&#8217;umpronta ecologica del turismo [&hellip;]<\/p>\n","protected":false},"author":161,"featured_media":67157,"comment_status":"closed","ping_status":"closed","sticky":false,"template":"","format":"standard","meta":[],"categories":[232,2901],"tags":[4271,1882,3555,3552],"acf":[],"yoast_head":"<!-- This site is optimized with the Yoast SEO plugin v19.9 - https:\/\/yoast.com\/wordpress\/plugins\/seo\/ -->\n<title>Rinnovata la Convenzione con il Parco Adamello Brenta - Ecobnb<\/title>\n<meta name=\"description\" content=\"Il Parco Adamello Brenta rinnova la convenzione con Ecobnb per promuovere il Turismo Sostenibile. Scopri tutti i vantaggi per la tua Struttura Qualit\u00e0 Parco\" \/>\n<meta name=\"robots\" content=\"index, follow, max-snippet:-1, max-image-preview:large, max-video-preview:-1\" \/>\n<link rel=\"canonical\" href=\"https:\/\/ecobnb.it\/blog\/2022\/02\/adamello-brenta-convenzione-turismo-sostenibile\/\" \/>\n<meta property=\"og:locale\" content=\"it_IT\" \/>\n<meta property=\"og:type\" content=\"article\" \/>\n<meta property=\"og:title\" content=\"Rinnovata la Convenzione con il Parco Adamello Brenta - Ecobnb\" \/>\n<meta property=\"og:description\" content=\"Il Parco Adamello Brenta rinnova la convenzione con Ecobnb per promuovere il Turismo Sostenibile. Scopri tutti i vantaggi per la tua Struttura Qualit\u00e0 Parco\" \/>\n<meta property=\"og:url\" content=\"https:\/\/ecobnb.it\/blog\/2022\/02\/adamello-brenta-convenzione-turismo-sostenibile\/\" \/>\n<meta property=\"og:site_name\" content=\"Ecobnb\" \/>\n<meta property=\"article:publisher\" content=\"https:\/\/www.facebook.com\/viaggiverdi\" \/>\n<meta property=\"article:published_time\" content=\"2022-02-15T13:58:58+00:00\" \/>\n<meta property=\"article:modified_time\" content=\"2022-04-26T16:37:45+00:00\" \/>\n<meta property=\"og:image\" content=\"https:\/\/ecobnb.it\/blog\/app\/uploads\/sites\/2\/2022\/02\/collaborazione-adamello-brenta-ecobnb-2022.jpg\" \/>\n\t<meta property=\"og:image:width\" content=\"1170\" \/>\n\t<meta property=\"og:image:height\" content=\"490\" \/>\n\t<meta property=\"og:image:type\" content=\"image\/jpeg\" \/>\n<meta name=\"author\" content=\"Stefania Angeli\" \/>\n<meta name=\"twitter:label1\" content=\"Written by\" \/>\n\t<meta name=\"twitter:data1\" content=\"Stefania Angeli\" \/>\n\t<meta name=\"twitter:label2\" content=\"Est. reading time\" \/>\n\t<meta name=\"twitter:data2\" content=\"3 minutes\" \/>\n<!-- \/ Yoast SEO plugin. -->","yoast_head_json":{"title":"Rinnovata la Convenzione con il Parco Adamello Brenta - Ecobnb","description":"Il Parco Adamello Brenta rinnova la convenzione con Ecobnb per promuovere il Turismo Sostenibile. Scopri tutti i vantaggi per la tua Struttura Qualit\u00e0 Parco","robots":{"index":"index","follow":"follow","max-snippet":"max-snippet:-1","max-image-preview":"max-image-preview:large","max-video-preview":"max-video-preview:-1"},"canonical":"https:\/\/ecobnb.it\/blog\/2022\/02\/adamello-brenta-convenzione-turismo-sostenibile\/","og_locale":"it_IT","og_type":"article","og_title":"Rinnovata la Convenzione con il Parco Adamello Brenta - Ecobnb","og_description":"Il Parco Adamello Brenta rinnova la convenzione con Ecobnb per promuovere il Turismo Sostenibile. Scopri tutti i vantaggi per la tua Struttura Qualit\u00e0 Parco","og_url":"https:\/\/ecobnb.it\/blog\/2022\/02\/adamello-brenta-convenzione-turismo-sostenibile\/","og_site_name":"Ecobnb","article_publisher":"https:\/\/www.facebook.com\/viaggiverdi","article_published_time":"2022-02-15T13:58:58+00:00","article_modified_time":"2022-04-26T16:37:45+00:00","og_image":[{"width":1170,"height":490,"url":"https:\/\/ecobnb.it\/blog\/app\/uploads\/sites\/2\/2022\/02\/collaborazione-adamello-brenta-ecobnb-2022.jpg","type":"image\/jpeg"}],"author":"Stefania Angeli","twitter_misc":{"Written by":"Stefania Angeli","Est. reading time":"3 minutes"},"schema":{"@context":"https:\/\/schema.org","@graph":[{"@type":"Article","@id":"https:\/\/ecobnb.it\/blog\/2022\/02\/adamello-brenta-convenzione-turismo-sostenibile\/#article","isPartOf":{"@id":"https:\/\/ecobnb.it\/blog\/2022\/02\/adamello-brenta-convenzione-turismo-sostenibile\/"},"author":{"name":"Stefania Angeli","@id":"https:\/\/ecobnb.it\/blog\/#\/schema\/person\/54e7e2c52e5a62ca81d635f9ad9eb684"},"headline":"Il Parco Adamello Brenta con Ecobnb per Promuovere il Turismo Sostenibile","datePublished":"2022-02-15T13:58:58+00:00","dateModified":"2022-04-26T16:37:45+00:00","mainEntityOfPage":{"@id":"https:\/\/ecobnb.it\/blog\/2022\/02\/adamello-brenta-convenzione-turismo-sostenibile\/"},"wordCount":531,"publisher":{"@id":"https:\/\/ecobnb.it\/blog\/#organization"},"keywords":["convenzione","Ecobnb","Parco Adamello Brenta","vantaggi"],"articleSection":["news ed eventi","Ospitare Green"],"inLanguage":"it-IT"},{"@type":"WebPage","@id":"https:\/\/ecobnb.it\/blog\/2022\/02\/adamello-brenta-convenzione-turismo-sostenibile\/","url":"https:\/\/ecobnb.it\/blog\/2022\/02\/adamello-brenta-convenzione-turismo-sostenibile\/","name":"Rinnovata la Convenzione con il Parco Adamello Brenta - Ecobnb","isPartOf":{"@id":"https:\/\/ecobnb.it\/blog\/#website"},"datePublished":"2022-02-15T13:58:58+00:00","dateModified":"2022-04-26T16:37:45+00:00","description":"Il Parco Adamello Brenta rinnova la convenzione con Ecobnb per promuovere il Turismo Sostenibile. Scopri tutti i vantaggi per la tua Struttura Qualit\u00e0 Parco","inLanguage":"it-IT","potentialAction":[{"@type":"ReadAction","target":["https:\/\/ecobnb.it\/blog\/2022\/02\/adamello-brenta-convenzione-turismo-sostenibile\/"]}]},{"@type":"WebSite","@id":"https:\/\/ecobnb.it\/blog\/#website","url":"https:\/\/ecobnb.it\/blog\/","name":"Ecobnb","description":"Trova il tuo Alloggio Ecosostenibile","publisher":{"@id":"https:\/\/ecobnb.it\/blog\/#organization"},"potentialAction":[{"@type":"SearchAction","target":{"@type":"EntryPoint","urlTemplate":"https:\/\/ecobnb.it\/blog\/?s={search_term_string}"},"query-input":"required name=search_term_string"}],"inLanguage":"it-IT"},{"@type":"Organization","@id":"https:\/\/ecobnb.it\/blog\/#organization","name":"Ecobnb","url":"https:\/\/ecobnb.it\/blog\/","logo":{"@type":"ImageObject","inLanguage":"it-IT","@id":"https:\/\/ecobnb.it\/blog\/#\/schema\/logo\/image\/","url":"https:\/\/ecobnb.it\/blog\/app\/uploads\/sites\/2\/2016\/03\/logo_transparent_512x512.png","contentUrl":"https:\/\/ecobnb.it\/blog\/app\/uploads\/sites\/2\/2016\/03\/logo_transparent_512x512.png","width":512,"height":512,"caption":"Ecobnb"},"image":{"@id":"https:\/\/ecobnb.it\/blog\/#\/schema\/logo\/image\/"},"sameAs":["https:\/\/www.facebook.com\/viaggiverdi"]},{"@type":"Person","@id":"https:\/\/ecobnb.it\/blog\/#\/schema\/person\/54e7e2c52e5a62ca81d635f9ad9eb684","name":"Stefania Angeli","image":{"@type":"ImageObject","inLanguage":"it-IT","@id":"https:\/\/ecobnb.it\/blog\/#\/schema\/person\/image\/","url":"https:\/\/secure.gravatar.com\/avatar\/7a4081b902742cfe307903afbcd5307c?s=96&d=monsterid&r=g","contentUrl":"https:\/\/secure.gravatar.com\/avatar\/7a4081b902742cfe307903afbcd5307c?s=96&d=monsterid&r=g","caption":"Stefania Angeli"},"description":"Ciao! Sono Stefania, studentessa di \"International Tourism and Leisure Industries\" presso l'Universit\u00e0 di Bologna. La mia passione per i viaggi nasce fin da bambina attraverso vacanze studio ed escursioni in Trentino, dove sono nata e cresciuta. Inoltre, vivere un anno negli Stati Uniti mi ha avvicinato a temi di sostenibilit\u00e0 ambientale, che stavano molto a cuore alla mia famiglia ospitante. Il mio viaggio preferito? Interrail in Scandinavia, perch\u00e9 basta poco per trascorrere un viaggio memorabile e contribuire alla conservazione dell\u2019ambiente che ci circonda!","url":"https:\/\/ecobnb.it\/blog\/author\/stefania\/"}]}},"_links":{"self":[{"href":"https:\/\/ecobnb.it\/blog\/wp-json\/wp\/v2\/posts\/65439"}],"collection":[{"href":"https:\/\/ecobnb.it\/blog\/wp-json\/wp\/v2\/posts"}],"about":[{"href":"https:\/\/ecobnb.it\/blog\/wp-json\/wp\/v2\/types\/post"}],"author":[{"embeddable":true,"href":"https:\/\/ecobnb.it\/blog\/wp-json\/wp\/v2\/users\/161"}],"replies":[{"embeddable":true,"href":"https:\/\/ecobnb.it\/blog\/wp-json\/wp\/v2\/comments?post=65439"}],"version-history":[{"count":26,"href":"https:\/\/ecobnb.it\/blog\/wp-json\/wp\/v2\/posts\/65439\/revisions"}],"predecessor-version":[{"id":67681,"href":"https:\/\/ecobnb.it\/blog\/wp-json\/wp\/v2\/posts\/65439\/revisions\/67681"}],"wp:featuredmedia":[{"embeddable":true,"href":"https:\/\/ecobnb.it\/blog\/wp-json\/wp\/v2\/media\/67157"}],"wp:attachment":[{"href":"https:\/\/ecobnb.it\/blog\/wp-json\/wp\/v2\/media?parent=65439"}],"wp:term":[{"taxonomy":"category","embeddable":true,"href":"https:\/\/ecobnb.it\/blog\/wp-json\/wp\/v2\/categories?post=65439"},{"taxonomy":"post_tag","embeddable":true,"href":"https:\/\/ecobnb.it\/blog\/wp-json\/wp\/v2\/tags?post=65439"}],"curies":[{"name":"wp","href":"https:\/\/api.w.org\/{rel}","templated":true}]}}