{"id":48487,"date":"2020-03-06T08:00:46","date_gmt":"2020-03-06T07:00:46","guid":{"rendered":"https:\/\/ecobnb.it\/blog\/?p=48487"},"modified":"2020-02-28T18:33:10","modified_gmt":"2020-02-28T17:33:10","slug":"dantedi-giornata-nazionale-dante","status":"publish","type":"post","link":"https:\/\/ecobnb.it\/blog\/2020\/03\/dantedi-giornata-nazionale-dante\/","title":{"rendered":"Danted\u00ec: la Giornata Nazionale dedicata a Dante"},"content":{"rendered":"<p>Manca poco alla prima giornata nazionale dedicata al sommo poeta. Ebbene s\u00ec, a gennaio il Consiglio dei Ministri, su proposta di Dario Franceschini, ha deciso di istituire una giornata in onore di <strong>Dante Alighieri<\/strong>, con data il <strong>25 marzo<\/strong>. In questa occasione il Ministro dei beni culturali ci ha ricordato che \u201c<em>Dante \u00e8 l\u2019unit\u00e0 del Paese, Dante \u00e8 la lingua italiana, Dante \u00e8 l\u2019idea stessa di Italia<\/em>\u201d.<\/p>\n<p>La data non \u00e8 stata scelta a caso: la maggior parte degli studiosi infatti considera il 25 marzo l\u2019inizio del viaggio del poeta nell\u2019aldil\u00e0 della Divina Commedia. Si tratta di una scelta importante, per ricordare in Italia e nel mondo il genio di Dante; fatta anche in vista delle celebrazioni dei 700 anni dalla sua scomparsa che cadranno nel 2021.<\/p>\n<h2>A spasso per l\u2019Italia sulle orme di Dante<\/h2>\n<p>In attesa di scoprire tutti gli eventi della prima giornata nazionale dedicata a Dante, che coinvolger\u00e0 soprattutto scuole, studenti e istituzioni culturali, noi non possiamo fare altro che consigliarvi di <strong>celebrare<\/strong> <strong>Dante<\/strong> e i suoi capolavori nel modo che pi\u00f9 ci piace: <strong>viaggiando<\/strong>. Le opere del sommo poeta e il territorio italiano sono infatti interconnessi: Ci sono luoghi che l\u2019hanno ispirato, luoghi resi famosi dai suoi versi e ancora i luoghi della sua vita e delle vicende politiche del tempo.<\/p>\n<div id=\"attachment_48494\" class=\"thumbnail alignnone\"><img class=\"wp-image-48494 size-large\" src=\"https:\/\/ecobnb.it\/blog\/app\/uploads\/sites\/2\/2020\/02\/Castello_di_Gradara_-_Province_of_Pesaro_and_Urbino_-_Marche_Italy-870x490.jpg\" alt=\"Castello di Gradara, che ha fatto da sfondo al tragico amore tra Paolo e Francesca descritto da Dante nel suo Inferno\" width=\"870\" height=\"490\" srcset=\"https:\/\/ecobnb.it\/blog\/app\/uploads\/sites\/2\/2020\/02\/Castello_di_Gradara_-_Province_of_Pesaro_and_Urbino_-_Marche_Italy-870x490.jpg 870w, https:\/\/ecobnb.it\/blog\/app\/uploads\/sites\/2\/2020\/02\/Castello_di_Gradara_-_Province_of_Pesaro_and_Urbino_-_Marche_Italy-570x320.jpg 570w\" sizes=\"(max-width: 870px) 100vw, 870px\" \/><div class=\"caption\">\u00a9 gianni del bufalo \/ CC BY-SA (https:\/\/creativecommons.org\/licenses\/by-sa\/2.0)<\/div><\/div>\n<p>C\u2019\u00e8 la sua amata e anche odiata <strong>Firenze<\/strong>, con la sua casa natale divenuta museo, il Ponte Santa Trinit\u00e0 dove forse incontr\u00f2 per la prima volta Beatrice \u00e8 il sasso dove si racconta amasse sedersi e pensare. Ci sono poi i luoghi del suo esilio, nel <strong>Casentino<\/strong>. Puoi scoprirli anche a bordo di un <a href=\"https:\/\/ecobnb.it\/blog\/2018\/04\/ferrovia-faentina-treno-dante\/\" target=\"_blank\" rel=\"noopener\"><strong>treno<\/strong><\/a>, che percorre i paesaggi incontaminati dell\u2019Appennino Tosco Romagnolo, viaggiando fra Firenze a Faenza. Nel cuore del Parco Nazionale delle Foreste Casentinesi c&#8217;\u00e8 anche la <a href=\"https:\/\/ecobnb.it\/itinerari\/alla-scoperta-della-cascata-dell-acquacheta\" target=\"_blank\" rel=\"noopener\"><strong>Cascata dell&#8217;Acquacheta<\/strong><\/a>, che ha ispirato Dante per la cascata del fiume infernale Flegetone. Puoi visitare il <strong>Castello di Gradara<\/strong>, che ha fatto da sfondo al tragico amore tra Paolo e Francesca. O ancora la <strong>ruina dantesca<\/strong> a pochi chilometri da Rovereto. Non pu\u00f2 mancare la citt\u00e0 di <strong>Ravenna<\/strong>, dove il sommo poeta termin\u00f2 la Divina Commedia e trascorse gli ultimi anni della sua vita.<\/p>\n<p><strong>Danted\u00ec<\/strong> \u00e8 l&#8217;occasione perfetta per scoprire luoghi e paesaggi italiani seguendo le orme e le parole del poeta.<\/p>\n<p>&nbsp;<\/p>\n<p><em>Immagine di copertina \u00a9\u00a0Cl\u00e9ment Bardot \/ CC BY-SA (https:\/\/creativecommons.org\/licenses\/by-sa\/4.0)<\/em><\/p>\n","protected":false},"excerpt":{"rendered":"<p>Manca poco alla prima giornata nazionale dedicata al sommo poeta. Ebbene s\u00ec, a gennaio il Consiglio dei Ministri, su proposta di Dario Franceschini, ha deciso di istituire una giornata in onore di Dante Alighieri, con data il 25 marzo. In questa occasione il Ministro dei beni culturali ci ha ricordato che \u201cDante \u00e8 l\u2019unit\u00e0 del [&hellip;]<\/p>\n","protected":false},"author":33,"featured_media":48493,"comment_status":"closed","ping_status":"closed","sticky":false,"template":"","format":"standard","meta":[],"categories":[234],"tags":[3701,3702,3703],"acf":[],"yoast_head":"<!-- This site is optimized with the Yoast SEO plugin v19.9 - https:\/\/yoast.com\/wordpress\/plugins\/seo\/ -->\n<title>Danted\u00ec: la Giornata Nazionale dedicata a Dante - Ecobnb<\/title>\n<meta name=\"description\" content=\"Da quest&#039;anno il 25 Marzo sar\u00e0 il Danted\u00ec: la giornata nazionale dedicata al sommo poeta Dante Alighieri e ai suoi capolavori.\" \/>\n<meta name=\"robots\" content=\"index, follow, max-snippet:-1, max-image-preview:large, max-video-preview:-1\" \/>\n<link rel=\"canonical\" href=\"https:\/\/ecobnb.it\/blog\/2020\/03\/dantedi-giornata-nazionale-dante\/\" \/>\n<meta property=\"og:locale\" content=\"it_IT\" \/>\n<meta property=\"og:type\" content=\"article\" \/>\n<meta property=\"og:title\" content=\"Danted\u00ec: la Giornata Nazionale dedicata a Dante - Ecobnb\" \/>\n<meta property=\"og:description\" content=\"Da quest&#039;anno il 25 Marzo sar\u00e0 il Danted\u00ec: la giornata nazionale dedicata al sommo poeta Dante Alighieri e ai suoi capolavori.\" \/>\n<meta property=\"og:url\" content=\"https:\/\/ecobnb.it\/blog\/2020\/03\/dantedi-giornata-nazionale-dante\/\" \/>\n<meta property=\"og:site_name\" content=\"Ecobnb\" \/>\n<meta property=\"article:publisher\" content=\"https:\/\/www.facebook.com\/viaggiverdi\" \/>\n<meta property=\"article:published_time\" content=\"2020-03-06T07:00:46+00:00\" \/>\n<meta property=\"article:modified_time\" content=\"2020-02-28T17:33:10+00:00\" \/>\n<meta property=\"og:image\" content=\"https:\/\/ecobnb.it\/blog\/app\/uploads\/sites\/2\/2020\/02\/Monument_to_Dante_Alighieri_Florence.jpg\" \/>\n\t<meta property=\"og:image:width\" content=\"1170\" \/>\n\t<meta property=\"og:image:height\" content=\"490\" \/>\n\t<meta property=\"og:image:type\" content=\"image\/jpeg\" \/>\n<meta name=\"author\" content=\"Chiara Marras\" \/>\n<meta name=\"twitter:label1\" content=\"Written by\" \/>\n\t<meta name=\"twitter:data1\" content=\"Chiara Marras\" \/>\n\t<meta name=\"twitter:label2\" content=\"Est. reading time\" \/>\n\t<meta name=\"twitter:data2\" content=\"2 minutes\" \/>\n<!-- \/ Yoast SEO plugin. -->","yoast_head_json":{"title":"Danted\u00ec: la Giornata Nazionale dedicata a Dante - Ecobnb","description":"Da quest'anno il 25 Marzo sar\u00e0 il Danted\u00ec: la giornata nazionale dedicata al sommo poeta Dante Alighieri e ai suoi capolavori.","robots":{"index":"index","follow":"follow","max-snippet":"max-snippet:-1","max-image-preview":"max-image-preview:large","max-video-preview":"max-video-preview:-1"},"canonical":"https:\/\/ecobnb.it\/blog\/2020\/03\/dantedi-giornata-nazionale-dante\/","og_locale":"it_IT","og_type":"article","og_title":"Danted\u00ec: la Giornata Nazionale dedicata a Dante - Ecobnb","og_description":"Da quest'anno il 25 Marzo sar\u00e0 il Danted\u00ec: la giornata nazionale dedicata al sommo poeta Dante Alighieri e ai suoi capolavori.","og_url":"https:\/\/ecobnb.it\/blog\/2020\/03\/dantedi-giornata-nazionale-dante\/","og_site_name":"Ecobnb","article_publisher":"https:\/\/www.facebook.com\/viaggiverdi","article_published_time":"2020-03-06T07:00:46+00:00","article_modified_time":"2020-02-28T17:33:10+00:00","og_image":[{"width":1170,"height":490,"url":"https:\/\/ecobnb.it\/blog\/app\/uploads\/sites\/2\/2020\/02\/Monument_to_Dante_Alighieri_Florence.jpg","type":"image\/jpeg"}],"author":"Chiara Marras","twitter_misc":{"Written by":"Chiara Marras","Est. reading time":"2 minutes"},"schema":{"@context":"https:\/\/schema.org","@graph":[{"@type":"Article","@id":"https:\/\/ecobnb.it\/blog\/2020\/03\/dantedi-giornata-nazionale-dante\/#article","isPartOf":{"@id":"https:\/\/ecobnb.it\/blog\/2020\/03\/dantedi-giornata-nazionale-dante\/"},"author":{"name":"Chiara Marras","@id":"https:\/\/ecobnb.it\/blog\/#\/schema\/person\/52ce65689e38cbacd49d1d65910765dc"},"headline":"Danted\u00ec: la Giornata Nazionale dedicata a Dante","datePublished":"2020-03-06T07:00:46+00:00","dateModified":"2020-02-28T17:33:10+00:00","mainEntityOfPage":{"@id":"https:\/\/ecobnb.it\/blog\/2020\/03\/dantedi-giornata-nazionale-dante\/"},"wordCount":411,"publisher":{"@id":"https:\/\/ecobnb.it\/blog\/#organization"},"keywords":["Dante","Danted\u00ec","giornata nazionale"],"articleSection":["curiosit\u00e0"],"inLanguage":"it-IT"},{"@type":"WebPage","@id":"https:\/\/ecobnb.it\/blog\/2020\/03\/dantedi-giornata-nazionale-dante\/","url":"https:\/\/ecobnb.it\/blog\/2020\/03\/dantedi-giornata-nazionale-dante\/","name":"Danted\u00ec: la Giornata Nazionale dedicata a Dante - Ecobnb","isPartOf":{"@id":"https:\/\/ecobnb.it\/blog\/#website"},"datePublished":"2020-03-06T07:00:46+00:00","dateModified":"2020-02-28T17:33:10+00:00","description":"Da quest'anno il 25 Marzo sar\u00e0 il Danted\u00ec: la giornata nazionale dedicata al sommo poeta Dante Alighieri e ai suoi capolavori.","inLanguage":"it-IT","potentialAction":[{"@type":"ReadAction","target":["https:\/\/ecobnb.it\/blog\/2020\/03\/dantedi-giornata-nazionale-dante\/"]}]},{"@type":"WebSite","@id":"https:\/\/ecobnb.it\/blog\/#website","url":"https:\/\/ecobnb.it\/blog\/","name":"Ecobnb","description":"Trova il tuo Alloggio Ecosostenibile","publisher":{"@id":"https:\/\/ecobnb.it\/blog\/#organization"},"potentialAction":[{"@type":"SearchAction","target":{"@type":"EntryPoint","urlTemplate":"https:\/\/ecobnb.it\/blog\/?s={search_term_string}"},"query-input":"required name=search_term_string"}],"inLanguage":"it-IT"},{"@type":"Organization","@id":"https:\/\/ecobnb.it\/blog\/#organization","name":"Ecobnb","url":"https:\/\/ecobnb.it\/blog\/","logo":{"@type":"ImageObject","inLanguage":"it-IT","@id":"https:\/\/ecobnb.it\/blog\/#\/schema\/logo\/image\/","url":"https:\/\/ecobnb.it\/blog\/app\/uploads\/sites\/2\/2016\/03\/logo_transparent_512x512.png","contentUrl":"https:\/\/ecobnb.it\/blog\/app\/uploads\/sites\/2\/2016\/03\/logo_transparent_512x512.png","width":512,"height":512,"caption":"Ecobnb"},"image":{"@id":"https:\/\/ecobnb.it\/blog\/#\/schema\/logo\/image\/"},"sameAs":["https:\/\/www.facebook.com\/viaggiverdi"]},{"@type":"Person","@id":"https:\/\/ecobnb.it\/blog\/#\/schema\/person\/52ce65689e38cbacd49d1d65910765dc","name":"Chiara Marras","image":{"@type":"ImageObject","inLanguage":"it-IT","@id":"https:\/\/ecobnb.it\/blog\/#\/schema\/person\/image\/","url":"https:\/\/secure.gravatar.com\/avatar\/54e0cbd8f6686498c2c79f3852dabcfa?s=96&d=monsterid&r=g","contentUrl":"https:\/\/secure.gravatar.com\/avatar\/54e0cbd8f6686498c2c79f3852dabcfa?s=96&d=monsterid&r=g","caption":"Chiara Marras"},"description":"Mi chiamo Chiara e vivo in una piccola isola della Sardegna. Spero ancora in un web che sia spazio di condivisione e divulgazione, e credo che l\u2019eco-sostenibilit\u00e0 sia una sfida imprescindibile del nostro tempo. Per questo, amo raccontare il viaggio come un\u2019esperienza autentica, in armonia con la natura e le culture locali.","url":"https:\/\/ecobnb.it\/blog\/author\/chiaramarras\/"}]}},"_links":{"self":[{"href":"https:\/\/ecobnb.it\/blog\/wp-json\/wp\/v2\/posts\/48487"}],"collection":[{"href":"https:\/\/ecobnb.it\/blog\/wp-json\/wp\/v2\/posts"}],"about":[{"href":"https:\/\/ecobnb.it\/blog\/wp-json\/wp\/v2\/types\/post"}],"author":[{"embeddable":true,"href":"https:\/\/ecobnb.it\/blog\/wp-json\/wp\/v2\/users\/33"}],"replies":[{"embeddable":true,"href":"https:\/\/ecobnb.it\/blog\/wp-json\/wp\/v2\/comments?post=48487"}],"version-history":[{"count":3,"href":"https:\/\/ecobnb.it\/blog\/wp-json\/wp\/v2\/posts\/48487\/revisions"}],"predecessor-version":[{"id":48503,"href":"https:\/\/ecobnb.it\/blog\/wp-json\/wp\/v2\/posts\/48487\/revisions\/48503"}],"wp:featuredmedia":[{"embeddable":true,"href":"https:\/\/ecobnb.it\/blog\/wp-json\/wp\/v2\/media\/48493"}],"wp:attachment":[{"href":"https:\/\/ecobnb.it\/blog\/wp-json\/wp\/v2\/media?parent=48487"}],"wp:term":[{"taxonomy":"category","embeddable":true,"href":"https:\/\/ecobnb.it\/blog\/wp-json\/wp\/v2\/categories?post=48487"},{"taxonomy":"post_tag","embeddable":true,"href":"https:\/\/ecobnb.it\/blog\/wp-json\/wp\/v2\/tags?post=48487"}],"curies":[{"name":"wp","href":"https:\/\/api.w.org\/{rel}","templated":true}]}}