{"id":39713,"date":"2019-04-17T10:22:16","date_gmt":"2019-04-17T08:22:16","guid":{"rendered":"https:\/\/ecobnb.it\/blog\/?p=39713"},"modified":"2019-04-17T10:22:16","modified_gmt":"2019-04-17T08:22:16","slug":"alghero-perla-catalana-sardegna","status":"publish","type":"post","link":"https:\/\/ecobnb.it\/blog\/2019\/04\/alghero-perla-catalana-sardegna\/","title":{"rendered":"Vacanza slow ad Alghero, perla catalana della Sardegna"},"content":{"rendered":"<p>L&#8217;aria di <strong>mare<\/strong> invade le vie ciottolate del suo centro storico, la sua architettura e l&#8217;atmosfera che si respira ricordano ancora oggi le sue <strong>origini<\/strong> <strong>catalane<\/strong>, le sue <strong>spiagge<\/strong> e <strong>promontori<\/strong> lasciano senza fiato: <strong>Alghero<\/strong> \u00e8 una citt\u00e0 sorprendente e magica, una destinazione perfetta per chi non vuole scegliere, ma vivere il mare, la <strong>natura,<\/strong> la <strong>gastronomia,<\/strong> la <strong>storia<\/strong> e la cultura. Perch\u00e9 la Capitale della <strong>Riviera del Corallo<\/strong> \u00e8 questo e molto altro.<\/p>\n<p>Noi abbiamo trascorso alcuni giorni in questa bellissima citt\u00e0, vivace, ma allo stesso tempo caratterizzata da ritmi lenti. Ci siamo innamorati della piccola <em><strong>Barcoleneta<\/strong><\/em> e dei suoi dintorni naturalistici di grande pregio e non possiamo che consigliartela per la tua prossima <strong>vacanza slow<\/strong> e <strong>sostenibile<\/strong>. Abbiamo scelto 10 cose che non puoi assolutamente perderti, ma assicurati di vivere appieno questo gioiello della <strong>Sardegna.<\/strong><\/p>\n<h2>Una passeggiata nel centro storico di Alghero<\/h2>\n<p><img class=\"alignnone size-large wp-image-39725\" src=\"https:\/\/ecobnb.it\/blog\/app\/uploads\/sites\/2\/2019\/03\/alghero-870x490.jpg\" alt=\"Una passeggiata nel centro storico di Alghero\" width=\"870\" height=\"490\" srcset=\"https:\/\/ecobnb.it\/blog\/app\/uploads\/sites\/2\/2019\/03\/alghero-870x490.jpg 870w, https:\/\/ecobnb.it\/blog\/app\/uploads\/sites\/2\/2019\/03\/alghero-570x320.jpg 570w\" sizes=\"(max-width: 870px) 100vw, 870px\" \/><\/p>\n<p>Non si pu\u00f2 che iniziare da qui: dall&#8217;<em>Alguer Vella<\/em>. Cos\u00ec gli Algheresi chiamano il loro centro storico, un susseguirsi suggestivo di strette vie ciottolate e bellissimi edifici, testimonianze della dominazione catalano-aragonese. \u00c8 un autentico gioiello, dove potrai ancora sentire il catalano e immergerti nella vita locale. Da non perdere la Cattedrale di Santa Maria, nel tipico stile gotico catalano.<\/p>\n<h2>Le Grotte di Nettuno<\/h2>\n<div id=\"attachment_39718\" class=\"thumbnail alignnone\"><img class=\"size-large wp-image-39718\" src=\"https:\/\/ecobnb.it\/blog\/app\/uploads\/sites\/2\/2019\/03\/1280px-Grotta_di_nettuno_sardinien-870x490.jpg\" alt=\"Grotte di Nettuno, Alghero\" width=\"870\" height=\"490\" srcset=\"https:\/\/ecobnb.it\/blog\/app\/uploads\/sites\/2\/2019\/03\/1280px-Grotta_di_nettuno_sardinien-870x490.jpg 870w, https:\/\/ecobnb.it\/blog\/app\/uploads\/sites\/2\/2019\/03\/1280px-Grotta_di_nettuno_sardinien-570x320.jpg 570w\" sizes=\"(max-width: 870px) 100vw, 870px\" \/><div class=\"caption\">\u00a9 Tobias Helfrich via Wikimedia<\/div><\/div>\n<p>656 gradini scavati in una parete rocciosa formano l&#8217;escala del Cabirol, che conduce alle grotte di Nettuno. Si trovano a circa 24 chilometri da Alghero, nel promontorio di Capo Caccia, e sono facilmente raggiungibili in autobus o anche in battello. Sono tra le pi\u00f9 grandi cavit\u00e0 marine in Italia e la loro formazione, di origine carsica, risale a due milioni di anni fa. Lo spettacolo che ti aspetta \u00e8 indescrivibile: un lago sotterraneo, colate carsiche e anfratti ti lasceranno sicuramente senza fiato.<\/p>\n<h2>Immersioni e trekking sul promontorio di Capo Caccia<\/h2>\n<div id=\"attachment_39715\" class=\"thumbnail alignnone\"><img class=\"size-large wp-image-39715\" src=\"https:\/\/ecobnb.it\/blog\/app\/uploads\/sites\/2\/2019\/03\/1280px-Capo_Caccio_-_Escala_del_Cabirol-870x490.jpg\" alt=\"promontorio di Capo Caccia, Alghero\" width=\"870\" height=\"490\" srcset=\"https:\/\/ecobnb.it\/blog\/app\/uploads\/sites\/2\/2019\/03\/1280px-Capo_Caccio_-_Escala_del_Cabirol-870x490.jpg 870w, https:\/\/ecobnb.it\/blog\/app\/uploads\/sites\/2\/2019\/03\/1280px-Capo_Caccio_-_Escala_del_Cabirol-570x320.jpg 570w\" sizes=\"(max-width: 870px) 100vw, 870px\" \/><div class=\"caption\">\u00a9 Roberto Ferrari via Wikimedia<\/div><\/div>\n<p>Le Grotte di Nettuno non sono l&#8217;unica attrazione del promontorio di Capo Caccia, una scogliera tra le pi\u00f9 belle del Mediterraneo e che insieme all&#8217;Isola Piana formano un&#8217;area protetta. Scegli se arrivare da terra o dal mare: nel primo caso potrai dedicarti al trekking e godere di una vista strabiliante, nel secondo potrai invece immergerti tra incredibili fondali, osservare crostacei e con un po&#8217; di fortuna il corallo rosso.<\/p>\n<h2>Una ferrata a picco sul mare<\/h2>\n<p>Se sei un escursionista esperto abbiamo un ultimo consiglio per quando visiterai il promontorio di Capo Caccia. Un&#8217;esperienza che \u00e8 un perfetto connubio tra mare e montagna. La ferrata del Cabirol \u00e8 una via ferrata costiera che si sviluppa per circa 1000 metri lungo le falesie calcaree del promontorio, da qui potrai ammirare un ambiente naturale stupefacente.<\/p>\n<h2>Lungo le mura all&#8217;ora pi\u00f9 bella<\/h2>\n<div id=\"attachment_39716\" class=\"thumbnail alignnone\"><img class=\"size-large wp-image-39716\" src=\"https:\/\/ecobnb.it\/blog\/app\/uploads\/sites\/2\/2019\/03\/42093141154_93516226f4_o-870x490.jpg\" alt=\"Alghero\" width=\"870\" height=\"490\" srcset=\"https:\/\/ecobnb.it\/blog\/app\/uploads\/sites\/2\/2019\/03\/42093141154_93516226f4_o-870x490.jpg 870w, https:\/\/ecobnb.it\/blog\/app\/uploads\/sites\/2\/2019\/03\/42093141154_93516226f4_o-570x320.jpg 570w\" sizes=\"(max-width: 870px) 100vw, 870px\" \/><div class=\"caption\">\u00a9 Gianmario Marras\/Viaggio Routard via Flickr<\/div><\/div>\n<p>Il centro storico di Alghero \u00e8 circondato dalle vecchie cinta murarie, che corrono dalla piazza Sulis fino al porto turistico della citt\u00e0. Regalati un&#8217;emozione unica e incamminati lungo i bastioni e tra le torri al tramonto, quando il cielo si tinge di arancio e giallo creando uno spettacolo senza pari.<\/p>\n<h2>Una struttura eco-friendly per il tuo soggiorno ad Alghero<\/h2>\n<p><img class=\"alignnone size-large wp-image-39722\" src=\"https:\/\/ecobnb.it\/blog\/app\/uploads\/sites\/2\/2019\/03\/camera-2-dettaglio-870x490.jpg\" alt=\"Una struttura eco-friendly per il tuo soggiorno ad Alghero\" width=\"870\" height=\"490\" srcset=\"https:\/\/ecobnb.it\/blog\/app\/uploads\/sites\/2\/2019\/03\/camera-2-dettaglio-870x490.jpg 870w, https:\/\/ecobnb.it\/blog\/app\/uploads\/sites\/2\/2019\/03\/camera-2-dettaglio-570x320.jpg 570w\" sizes=\"(max-width: 870px) 100vw, 870px\" \/><\/p>\n<p>L&#8217;affittacamere <a href=\"https:\/\/ecobnb.it\/IT-sassari\/bed-breakfast\/actinia-accomodation\/03s3w\" target=\"_blank\">Actinia<\/a> ti accoglie in camere spaziose e confortevoli, in un ambiente cordiale e familiare, perfetto sia per le coppie che per le famiglie. Il tutto in una posizione da sogno: il mare e il centro storico di Alghero sono raggiungibili in pochi minuti a piedi. A disposizione degli ospiti \u00e8 presente un angolo self service per organizzare una colazione fai da te oppure rilassarti dopo una giornata al mare con della buona frutta. Per gli interni sono state utilizzate pitture che consentono la traspirabilit\u00e0 dei muri, realizzati con materie prime vegetali. L&#8217;impegno degli host per una casa eco-sostenibile \u00e8 confermato dall&#8217;utilizzo di pannelli solari per l&#8217;acqua calda, dal risparmio energetico e da un&#8217;attenta raccolta differenziata dei rifiuti.<\/p>\n<h2>Alla scoperta della civilt\u00e0 nuragica<\/h2>\n<p><img class=\"alignnone size-large wp-image-39720\" src=\"https:\/\/ecobnb.it\/blog\/app\/uploads\/sites\/2\/2019\/03\/Nuraghe_Palmavera_R-870x490.jpg\" alt=\"complesso nuragico di Palmavera, Alghero\" width=\"870\" height=\"490\" srcset=\"https:\/\/ecobnb.it\/blog\/app\/uploads\/sites\/2\/2019\/03\/Nuraghe_Palmavera_R-870x490.jpg 870w, https:\/\/ecobnb.it\/blog\/app\/uploads\/sites\/2\/2019\/03\/Nuraghe_Palmavera_R-570x320.jpg 570w\" sizes=\"(max-width: 870px) 100vw, 870px\" \/><\/p>\n<p>Nel territorio di Alghero c\u2019\u00e8 un villaggio di quasi quattromila anni fa, tra i pi\u00f9 importanti che la civilt\u00e0 nuragica ci abbia lasciato in eredit\u00e0. il complesso di Palmavera si articola in due torri costituite da grossi blocchi di pietra calcarea e arenaria, situate al centro di un muro di cinta di forma pentagonale che ingloba al suo interno tre torri. Attorno si estende il villaggio formato attualmente da circa 50 capanne. Percorrendo le stradine che uniscono le capanne, entrando dentro quelle grandi torri di pietra che rappresentano opere di alta ingegneria e abilit\u00e0 costruttiva potrai respirare il profumo della storia, immaginandoti la vita quotidiana di questo antico villaggio.<\/p>\n<h2>Le Domus de Janas, simbolo della storia sarda<\/h2>\n<div id=\"attachment_39714\" class=\"thumbnail alignnone\"><img class=\"size-large wp-image-39714\" src=\"https:\/\/ecobnb.it\/blog\/app\/uploads\/sites\/2\/2019\/03\/1024px-Anghelu_ruju-Tomba_C-DSC07765-870x490.jpg\" alt=\"necropoli di Anghelu Ruju, Alghero\" width=\"870\" height=\"490\" srcset=\"https:\/\/ecobnb.it\/blog\/app\/uploads\/sites\/2\/2019\/03\/1024px-Anghelu_ruju-Tomba_C-DSC07765-870x490.jpg 870w, https:\/\/ecobnb.it\/blog\/app\/uploads\/sites\/2\/2019\/03\/1024px-Anghelu_ruju-Tomba_C-DSC07765-570x320.jpg 570w\" sizes=\"(max-width: 870px) 100vw, 870px\" \/><div class=\"caption\">\u00a9 Christian Pinatel de Salvator via Wikimedia<\/div><\/div>\n<p>Visitando il complesso nuragico di Palmavera potrai fare un unico biglietto per visitare anche la necropoli di Anghelu Ruju, una vallata con 38 tombe ipogeiche scavate nell\u2019arenaria, risalenti al 3200-2800 a.C. Si tratta delle strutture sepolcrali note come Domus de Janas, che si trovano lungo tutto il bacino del Mediterraneo, ma particolarmente in Sardegna. Quella di Anghelu Ruju \u00e8 la pi\u00f9 vasta necropoli della Sardegna prenuragica.<\/p>\n<h2>Nella natura incontaminata<\/h2>\n<div id=\"attachment_39717\" class=\"thumbnail alignnone\"><a href=\"https:\/\/it.wikipedia.org\/wiki\/File:Alghero_-_Parco_naturale_di_Porto_Conte_(01).JPG\"><img class=\"size-large wp-image-39717\" src=\"https:\/\/ecobnb.it\/blog\/app\/uploads\/sites\/2\/2019\/03\/Alghero_-_Parco_naturale_di_Porto_Conte_01-870x490.jpg\" alt=\"Porto Conte, Alghero\" width=\"870\" height=\"490\" srcset=\"https:\/\/ecobnb.it\/blog\/app\/uploads\/sites\/2\/2019\/03\/Alghero_-_Parco_naturale_di_Porto_Conte_01-870x490.jpg 870w, https:\/\/ecobnb.it\/blog\/app\/uploads\/sites\/2\/2019\/03\/Alghero_-_Parco_naturale_di_Porto_Conte_01-570x320.jpg 570w\" sizes=\"(max-width: 870px) 100vw, 870px\" \/><\/a><div class=\"caption\">\u00a9 Gianni Careddu via Wikimedia<\/div><\/div>\n<p>Il bellissimo Porto Conte \u00e8 \u00e8 un&#8217;insenatura naturale della Riviera del Corallo, e allo stesso tempo un Parco Naturale con pi\u00f9 di 5000 ettari di macchia mediterranea, alte costiere, piccole isole, alle zone a gariga, zone boscose e ambienti umidi. Qui potrai passeggiare tra una natura mozzafiato, ammirare Punta Giglio, osservare numerose specie animali, ad esempio grifoni, cinghiali, lepri, cavallini della giara, pernici sarde, asinelli albini e daini.<\/p>\n<h2>Relax in spiaggia<\/h2>\n<p><img class=\"alignnone size-large wp-image-39721\" src=\"https:\/\/ecobnb.it\/blog\/app\/uploads\/sites\/2\/2019\/03\/luglio_foto_spiaggia_le_bombarde-870x490.jpg\" alt=\"spiaggia delle Bombarde, Alghero\" width=\"870\" height=\"490\" srcset=\"https:\/\/ecobnb.it\/blog\/app\/uploads\/sites\/2\/2019\/03\/luglio_foto_spiaggia_le_bombarde-870x490.jpg 870w, https:\/\/ecobnb.it\/blog\/app\/uploads\/sites\/2\/2019\/03\/luglio_foto_spiaggia_le_bombarde-570x320.jpg 570w\" sizes=\"(max-width: 870px) 100vw, 870px\" \/><\/p>\n<p>Ad Alghero non mancano certo le spiagge: c&#8217;\u00e8 la bellissima spiaggia delle Bombarde, tra le pi\u00f9 belle di tutta l&#8217;isola, la spiaggia del Lazzaretto con la sua torre, Cala Dragunara immersa nella macchia mediterranea e Lido San Giovanni, nel centro citt\u00e0, dove gli abitanti si recano in ogni momento libero, per un tuffo, una passeggiata o un aperitivo.<\/p>\n<p>&nbsp;<\/p>\n","protected":false},"excerpt":{"rendered":"<p>L&#8217;aria di mare invade le vie ciottolate del suo centro storico, la sua architettura e l&#8217;atmosfera che si respira ricordano ancora oggi le sue origini catalane, le sue spiagge e promontori lasciano senza fiato: Alghero \u00e8 una citt\u00e0 sorprendente e magica, una destinazione perfetta per chi non vuole scegliere, ma vivere il mare, la natura, [&hellip;]<\/p>\n","protected":false},"author":33,"featured_media":39724,"comment_status":"closed","ping_status":"open","sticky":false,"template":"","format":"standard","meta":[],"categories":[254],"tags":[3518,40,78,3519,940,3219,1064,134,3520,149,173,1269,263,199,3039],"acf":[],"yoast_head":"<!-- This site is optimized with the Yoast SEO plugin v19.9 - https:\/\/yoast.com\/wordpress\/plugins\/seo\/ -->\n<title>Vacanza slow ad Alghero, perla catalana della Sardegna - Ecobnb<\/title>\n<meta name=\"description\" content=\"Siamo andati ad Alghero e ci siamo innamorati di questa perla catalana del Nord Sardegna: ecco cosa non puoi perdere, tra natura e storia\" \/>\n<meta name=\"robots\" content=\"index, follow, max-snippet:-1, max-image-preview:large, max-video-preview:-1\" \/>\n<link rel=\"canonical\" href=\"https:\/\/ecobnb.it\/blog\/2019\/04\/alghero-perla-catalana-sardegna\/\" \/>\n<meta property=\"og:locale\" content=\"it_IT\" \/>\n<meta property=\"og:type\" content=\"article\" \/>\n<meta property=\"og:title\" content=\"Vacanza slow ad Alghero, perla catalana della Sardegna - Ecobnb\" \/>\n<meta property=\"og:description\" content=\"Siamo andati ad Alghero e ci siamo innamorati di questa perla catalana del Nord Sardegna: ecco cosa non puoi perdere, tra natura e storia\" \/>\n<meta property=\"og:url\" content=\"https:\/\/ecobnb.it\/blog\/2019\/04\/alghero-perla-catalana-sardegna\/\" \/>\n<meta property=\"og:site_name\" content=\"Ecobnb\" \/>\n<meta property=\"article:publisher\" content=\"https:\/\/www.facebook.com\/viaggiverdi\" \/>\n<meta property=\"article:published_time\" content=\"2019-04-17T08:22:16+00:00\" \/>\n<meta property=\"og:image\" content=\"https:\/\/ecobnb.it\/blog\/app\/uploads\/sites\/2\/2019\/03\/bimba_muraglia_R.jpg\" \/>\n\t<meta property=\"og:image:width\" content=\"1170\" \/>\n\t<meta property=\"og:image:height\" content=\"568\" \/>\n\t<meta property=\"og:image:type\" content=\"image\/jpeg\" \/>\n<meta name=\"author\" content=\"Chiara Marras\" \/>\n<meta name=\"twitter:label1\" content=\"Written by\" \/>\n\t<meta name=\"twitter:data1\" content=\"Chiara Marras\" \/>\n\t<meta name=\"twitter:label2\" content=\"Est. reading time\" \/>\n\t<meta name=\"twitter:data2\" content=\"5 minutes\" \/>\n<!-- \/ Yoast SEO plugin. -->","yoast_head_json":{"title":"Vacanza slow ad Alghero, perla catalana della Sardegna - Ecobnb","description":"Siamo andati ad Alghero e ci siamo innamorati di questa perla catalana del Nord Sardegna: ecco cosa non puoi perdere, tra natura e storia","robots":{"index":"index","follow":"follow","max-snippet":"max-snippet:-1","max-image-preview":"max-image-preview:large","max-video-preview":"max-video-preview:-1"},"canonical":"https:\/\/ecobnb.it\/blog\/2019\/04\/alghero-perla-catalana-sardegna\/","og_locale":"it_IT","og_type":"article","og_title":"Vacanza slow ad Alghero, perla catalana della Sardegna - Ecobnb","og_description":"Siamo andati ad Alghero e ci siamo innamorati di questa perla catalana del Nord Sardegna: ecco cosa non puoi perdere, tra natura e storia","og_url":"https:\/\/ecobnb.it\/blog\/2019\/04\/alghero-perla-catalana-sardegna\/","og_site_name":"Ecobnb","article_publisher":"https:\/\/www.facebook.com\/viaggiverdi","article_published_time":"2019-04-17T08:22:16+00:00","og_image":[{"width":1170,"height":568,"url":"https:\/\/ecobnb.it\/blog\/app\/uploads\/sites\/2\/2019\/03\/bimba_muraglia_R.jpg","type":"image\/jpeg"}],"author":"Chiara Marras","twitter_misc":{"Written by":"Chiara Marras","Est. reading time":"5 minutes"},"schema":{"@context":"https:\/\/schema.org","@graph":[{"@type":"Article","@id":"https:\/\/ecobnb.it\/blog\/2019\/04\/alghero-perla-catalana-sardegna\/#article","isPartOf":{"@id":"https:\/\/ecobnb.it\/blog\/2019\/04\/alghero-perla-catalana-sardegna\/"},"author":{"name":"Chiara Marras","@id":"https:\/\/ecobnb.it\/blog\/#\/schema\/person\/52ce65689e38cbacd49d1d65910765dc"},"headline":"Vacanza slow ad Alghero, perla catalana della Sardegna","datePublished":"2019-04-17T08:22:16+00:00","dateModified":"2019-04-17T08:22:16+00:00","mainEntityOfPage":{"@id":"https:\/\/ecobnb.it\/blog\/2019\/04\/alghero-perla-catalana-sardegna\/"},"wordCount":983,"publisher":{"@id":"https:\/\/ecobnb.it\/blog\/#organization"},"keywords":["Alghero","camminare","ecoturismo","ferrate","grotte","immersioni","Italia","natura","nuraghi","Parco Naturale","Sardegna","spiaggia","trekking","turismo sostenibile","vacanze slow"],"articleSection":["weekend green"],"inLanguage":"it-IT"},{"@type":"WebPage","@id":"https:\/\/ecobnb.it\/blog\/2019\/04\/alghero-perla-catalana-sardegna\/","url":"https:\/\/ecobnb.it\/blog\/2019\/04\/alghero-perla-catalana-sardegna\/","name":"Vacanza slow ad Alghero, perla catalana della Sardegna - Ecobnb","isPartOf":{"@id":"https:\/\/ecobnb.it\/blog\/#website"},"datePublished":"2019-04-17T08:22:16+00:00","dateModified":"2019-04-17T08:22:16+00:00","description":"Siamo andati ad Alghero e ci siamo innamorati di questa perla catalana del Nord Sardegna: ecco cosa non puoi perdere, tra natura e storia","inLanguage":"it-IT","potentialAction":[{"@type":"ReadAction","target":["https:\/\/ecobnb.it\/blog\/2019\/04\/alghero-perla-catalana-sardegna\/"]}]},{"@type":"WebSite","@id":"https:\/\/ecobnb.it\/blog\/#website","url":"https:\/\/ecobnb.it\/blog\/","name":"Ecobnb","description":"Trova il tuo Alloggio Ecosostenibile","publisher":{"@id":"https:\/\/ecobnb.it\/blog\/#organization"},"potentialAction":[{"@type":"SearchAction","target":{"@type":"EntryPoint","urlTemplate":"https:\/\/ecobnb.it\/blog\/?s={search_term_string}"},"query-input":"required name=search_term_string"}],"inLanguage":"it-IT"},{"@type":"Organization","@id":"https:\/\/ecobnb.it\/blog\/#organization","name":"Ecobnb","url":"https:\/\/ecobnb.it\/blog\/","logo":{"@type":"ImageObject","inLanguage":"it-IT","@id":"https:\/\/ecobnb.it\/blog\/#\/schema\/logo\/image\/","url":"https:\/\/ecobnb.it\/blog\/app\/uploads\/sites\/2\/2016\/03\/logo_transparent_512x512.png","contentUrl":"https:\/\/ecobnb.it\/blog\/app\/uploads\/sites\/2\/2016\/03\/logo_transparent_512x512.png","width":512,"height":512,"caption":"Ecobnb"},"image":{"@id":"https:\/\/ecobnb.it\/blog\/#\/schema\/logo\/image\/"},"sameAs":["https:\/\/www.facebook.com\/viaggiverdi"]},{"@type":"Person","@id":"https:\/\/ecobnb.it\/blog\/#\/schema\/person\/52ce65689e38cbacd49d1d65910765dc","name":"Chiara Marras","image":{"@type":"ImageObject","inLanguage":"it-IT","@id":"https:\/\/ecobnb.it\/blog\/#\/schema\/person\/image\/","url":"https:\/\/secure.gravatar.com\/avatar\/54e0cbd8f6686498c2c79f3852dabcfa?s=96&d=monsterid&r=g","contentUrl":"https:\/\/secure.gravatar.com\/avatar\/54e0cbd8f6686498c2c79f3852dabcfa?s=96&d=monsterid&r=g","caption":"Chiara Marras"},"description":"Mi chiamo Chiara e vivo in una piccola isola della Sardegna. Spero ancora in un web che sia spazio di condivisione e divulgazione, e credo che l\u2019eco-sostenibilit\u00e0 sia una sfida imprescindibile del nostro tempo. Per questo, amo raccontare il viaggio come un\u2019esperienza autentica, in armonia con la natura e le culture locali.","url":"https:\/\/ecobnb.it\/blog\/author\/chiaramarras\/"}]}},"_links":{"self":[{"href":"https:\/\/ecobnb.it\/blog\/wp-json\/wp\/v2\/posts\/39713"}],"collection":[{"href":"https:\/\/ecobnb.it\/blog\/wp-json\/wp\/v2\/posts"}],"about":[{"href":"https:\/\/ecobnb.it\/blog\/wp-json\/wp\/v2\/types\/post"}],"author":[{"embeddable":true,"href":"https:\/\/ecobnb.it\/blog\/wp-json\/wp\/v2\/users\/33"}],"replies":[{"embeddable":true,"href":"https:\/\/ecobnb.it\/blog\/wp-json\/wp\/v2\/comments?post=39713"}],"version-history":[{"count":4,"href":"https:\/\/ecobnb.it\/blog\/wp-json\/wp\/v2\/posts\/39713\/revisions"}],"predecessor-version":[{"id":40787,"href":"https:\/\/ecobnb.it\/blog\/wp-json\/wp\/v2\/posts\/39713\/revisions\/40787"}],"wp:featuredmedia":[{"embeddable":true,"href":"https:\/\/ecobnb.it\/blog\/wp-json\/wp\/v2\/media\/39724"}],"wp:attachment":[{"href":"https:\/\/ecobnb.it\/blog\/wp-json\/wp\/v2\/media?parent=39713"}],"wp:term":[{"taxonomy":"category","embeddable":true,"href":"https:\/\/ecobnb.it\/blog\/wp-json\/wp\/v2\/categories?post=39713"},{"taxonomy":"post_tag","embeddable":true,"href":"https:\/\/ecobnb.it\/blog\/wp-json\/wp\/v2\/tags?post=39713"}],"curies":[{"name":"wp","href":"https:\/\/api.w.org\/{rel}","templated":true}]}}