{"id":32227,"date":"2018-05-20T09:02:41","date_gmt":"2018-05-20T07:02:41","guid":{"rendered":"https:\/\/ecobnb.it\/blog\/?p=32227"},"modified":"2018-06-04T09:18:09","modified_gmt":"2018-06-04T07:18:09","slug":"giornate-turismo-equestre","status":"publish","type":"post","link":"https:\/\/ecobnb.it\/blog\/2018\/05\/giornate-turismo-equestre\/","title":{"rendered":"Monta in sella per le giornate del Turismo Equestre"},"content":{"rendered":"<p>La mobilit\u00e0 dolce non lo \u00e8 mai stata cos\u00ec tanto. Parti in sella al tuo cavallo alla scoperta (lenta) dei pi\u00f9 bei paesaggi italiani. Viaggia ascoltando il respiro del tuo compagno di viaggio\u00a0e vivi il percorso seguendo i ritmi della natura. Il turismo equestre si sta diffondendo cos\u00ec velocemente che CO.MO.DO. ha deciso di lanciare quest&#8217;anno, per la primissima volta, le <strong>Giornate Nazionali del Turismo Equestre<\/strong>. Scopri come possiamo celebrare insieme queste giornate speciali!<\/p>\n<div id=\"attachment_32382\" class=\"thumbnail alignnone\"><img class=\"wp-image-32382 size-large\" src=\"https:\/\/ecobnb.it\/blog\/app\/uploads\/sites\/2\/2018\/06\/seth-macey-396196-unsplash-870x490.jpg\" alt=\"Le giornate del turismo equestre\" width=\"870\" height=\"490\" srcset=\"https:\/\/ecobnb.it\/blog\/app\/uploads\/sites\/2\/2018\/06\/seth-macey-396196-unsplash-870x490.jpg 870w, https:\/\/ecobnb.it\/blog\/app\/uploads\/sites\/2\/2018\/06\/seth-macey-396196-unsplash-570x320.jpg 570w\" sizes=\"(max-width: 870px) 100vw, 870px\" \/><div class=\"caption\">foto di Seth Macey via Unsplash<\/div><\/div>\n<p>Viaggiare in <strong>modalit\u00e0 dolce<\/strong> \u00e8 fondamentale non solo per visitare in modo eco-sostenibile un nuovo territorio, ma anche (e soprattutto) per imparare a conoscerlo meglio. Per stabilire con il luogo un contatto pi\u00f9 ravvicinato e profondo, per seguirne i ritmi rispettando la <strong>natura<\/strong>\u00a0e chi vi\u00a0ci abita. A piedi, in bicicletta o <strong>a cavallo<\/strong> sono le opzioni migliori e pi\u00f9 scelte per intraprendere un <strong>viaggio slow<\/strong>, a minimo impatto sull&#8217;ambiente.<\/p>\n<p>Ma \u00e8 soprattutto sul <strong>viaggio a cavallo<\/strong> che diamo maggiore attenzione in questo momento: il <strong>turismo equestre<\/strong> sta prendendo sempre pi\u00f9 piede in questi anni, e le vie verdi per poter percorrere lunghi tragitti in compagnia dei cavalli si stanno moltiplicando. Il 20 maggio <strong>CO.MO.DO<\/strong> ha lanciato la prima edizione delle <strong>Giornate Nazionali del Turismo Equestre<\/strong>, proponendo <strong>un intero mese<\/strong> da riservare alla <strong>Mobilit\u00e0 Dolce.<\/strong><\/p>\n<h2>Chi \u00e8 CO.MO.DO.?<\/h2>\n<p>CO.MO.DO \u00e8 una cooperazione per la mobilit\u00e0 dolce che, appunto per questo, sostiene e promuove un nuovo modo di fare turismo, che sia <strong>100% sostenibile<\/strong> e rispettoso dell&#8217;ambiente, della natura e degli animali. A questo proposito, l&#8217;obiettivo di CO.MO.DO. \u00e8 &#8220;la promozione di una rete nazionale di mobilit\u00e0 dolce nel Mediterraneo&#8221;, cos\u00ec come dichiara nel sito (<a href=\"http:\/\/www.mobilitadolce.org\" target=\"_blank\">CO.MO.DO.<\/a>), e la via per raggiungerlo \u00e8 gi\u00e0 a buon punto.<\/p>\n<h2>Il Mese della Mobilit\u00e0 Dolce\u00a0e le Giornate del Turismo Equestre<\/h2>\n<div class=\"embed-container\"><iframe loading=\"lazy\" width=\"1170\" height=\"658\" src=\"https:\/\/www.youtube.com\/embed\/z3Sf3EpllIs?feature=oembed\" frameborder=\"0\" allow=\"accelerometer; autoplay; encrypted-media; gyroscope; picture-in-picture\" allowfullscreen><\/iframe><\/div>\n<p><strong>Dal 20 maggio al 30 giugno<\/strong>, festeggia le <strong>Giornate Nazionali del Turismo Equestre<\/strong>! Alla sua primissima edizione, un evento unico per ricordarci quanto sia importante pensare al turismo anche e soprattutto in modalit\u00e0 <em>green<\/em>.<\/p>\n<p>Zero\u00a0impatto ambientale e tanto tanto amore per la natura: il turismo equestre non \u00e8 solo un modo di fare turismo, ma insegna uno <strong>stile di vita<\/strong>. Il cavallo viene visto in una prospettiva diversa da quella tradizionale, diventa un <strong>compagno di viaggio<\/strong>. Questo turismo si sviluppa, a differenza di quello di massa, mettendo in primo piano la valorizzazione e la conservazione della natura, soprattutto perch\u00e9, viaggiando a cavallo, si viene a creare\u00a0un legame speciale tra l&#8217;animale e il viaggiatore, tanto da arricchire e rendere ancora pi\u00f9 forte il significato che l&#8217;ambiente naturale ha per noi stessi.\u00a0 Anche i numeri di questo turismo sono da tenere in conto. Sempre pi\u00f9 persone scelgono i cavalli e il turismo equestre.<\/p>\n<h3><a href=\"http:\/\/www.mobilitadolce.org\/eventi-2018.html\" target=\"_blank\">Scopri tutti gli eventi del mese della mobilit\u00e0 dolce<\/a><\/h3>\n<blockquote class=\"instagram-media\" style=\"background: #FFF; border: 0; border-radius: 3px; box-shadow: 0 0 1px 0 rgba(0,0,0,0.5),0 1px 10px 0 rgba(0,0,0,0.15); margin: 1px; max-width: 658px; padding: 0; width: calc(100% - 2px);\" data-instgrm-captioned=\"\" data-instgrm-permalink=\"https:\/\/www.instagram.com\/p\/BgRnWiVDb3k\/\" data-instgrm-version=\"8\">\n<div style=\"padding: 8px;\">\n<div style=\"background: #F8F8F8; line-height: 0; margin-top: 40px; padding: 50.0% 0; text-align: center; width: 100%;\"><\/div>\n<p style=\"margin: 8px 0 0 0; padding: 0 4px;\"><a style=\"color: #000; font-family: Arial,sans-serif; font-size: 14px; font-style: normal; font-weight: normal; line-height: 17px; text-decoration: none; word-wrap: break-word;\" href=\"https:\/\/www.instagram.com\/p\/BgRnWiVDb3k\/\" target=\"_blank\">#domenica20maggio comincia la #festa del #turismo #equestre @horseridesicily @classhorse.tv @horsetour_viaggi @horse_tourism @horses_.lovers @_pic_horse_ #greenday #greenliving #cavalieri di tutta #italia #uniti @enititaliaturismo #horsebackriding #horse #horseaddict #horsepower #horses_of_instagram www.mobilitadolce.org Ph Ivan Tassone<\/a><\/p>\n<p style=\"color: #c9c8cd; font-family: Arial,sans-serif; font-size: 14px; line-height: 17px; margin-bottom: 0; margin-top: 8px; overflow: hidden; padding: 8px 0 7px; text-align: center; text-overflow: ellipsis; white-space: nowrap;\">Un post condiviso da <a style=\"color: #c9c8cd; font-family: Arial,sans-serif; font-size: 14px; font-style: normal; font-weight: normal; line-height: 17px;\" href=\"https:\/\/www.instagram.com\/mobilitadolce\/\" target=\"_blank\"> Cooperazione Mobilita Dolce<\/a> (@mobilitadolce) in data: <time style=\"font-family: Arial,sans-serif; font-size: 14px; line-height: 17px;\" datetime=\"2018-03-13T19:31:49+00:00\">Mar 13, 2018 at 12:31 PDT<\/time><\/p>\n<\/div>\n<\/blockquote>\n<p><script src=\"\/\/www.instagram.com\/embed.js\" async=\"\" defer=\"defer\"><\/script><\/p>\n<p>&nbsp;<\/p>\n<h2>La tua strada 2018, il contest fotografico dedicato alla mobilit\u00e0 dolce<\/h2>\n<p><a href=\"https:\/\/ecobnb.it\/blog\/2018\/01\/la-tua-strada-viaggia-vinci-weekend-green\/\"><img class=\"alignnone wp-image-32384 size-large\" src=\"https:\/\/ecobnb.it\/blog\/app\/uploads\/sites\/2\/2018\/06\/Locandina_La-tua-strada_contest-870x490.jpg\" alt=\"Il contest fotografico di CO.MO.DO. e ecobnb: la tua strada\" width=\"870\" height=\"490\" srcset=\"https:\/\/ecobnb.it\/blog\/app\/uploads\/sites\/2\/2018\/06\/Locandina_La-tua-strada_contest-870x490.jpg 870w, https:\/\/ecobnb.it\/blog\/app\/uploads\/sites\/2\/2018\/06\/Locandina_La-tua-strada_contest-570x320.jpg 570w\" sizes=\"(max-width: 870px) 100vw, 870px\" \/><\/a><\/p>\n<p>In occasione del mese della mobilit\u00e0 dolce, CO.MO.DO. ha lanciato un <strong><a href=\"https:\/\/ecobnb.it\/blog\/2018\/01\/la-tua-strada-viaggia-vinci-weekend-green\/\" target=\"_blank\">contest fotografico<\/a><\/strong> in cui potrai vincere un fantastico <strong>soggiorno eco-friendly<\/strong> di una notte per due persone, offerto da <strong>ecobnb<\/strong>!<\/p>\n<p>Tutto quello che dovrai fare \u00e8 percorrere il tuo tragitto, che sia una ippovia\u00a0o una <a href=\"https:\/\/ecobnb.it\/blog\/2013\/06\/le-rotaie-verdi-vecchie-ferrovie-e-nuove-greenways\/\" target=\"_blank\">greenway<\/a> su un binario dimenticato, scattare una <strong>foto<\/strong> e caricarla sulla pagina del\u00a0<a href=\"http:\/\/www.mobilitadolce.org\/photo-contest.html\" target=\"_blank\">photo contest<\/a>. Scegli la foto che maggiormente rappresenta il tuo percorso e prova&#8230; ma affrettati, hai tempo fino al 30 giugno!<\/p>\n<p><em>Foto di copertina: foto di\u00a0Jeremy Cai\u00a0via\u00a0Unsplash<\/em><\/p>\n<h4>Potrebbero interessarti anche:<\/h4>\n<h4><a href=\"https:\/\/ecobnb.it\/blog\/2016\/02\/vacanze-cavallo\/\" target=\"_blank\">Vacanze a cavallo in giro per l\u2019Italia<\/a><\/h4>\n<h4><a href=\"https:\/\/ecobnb.it\/blog\/2018\/01\/la-tua-strada-viaggia-vinci-weekend-green\/\" target=\"_blank\">La tua strada: viaggia, scatta, e vinci un weekend!<\/a><\/h4>\n<h4><a href=\"https:\/\/ecobnb.it\/blog\/2018\/05\/bologna-festival-it-a-ca\/\" target=\"_blank\">A Bologna riparte IT.A.C\u00c0: la 10 edizione del Festival del Turismo Responsabile!<\/a><\/h4>\n","protected":false},"excerpt":{"rendered":"<p>La mobilit\u00e0 dolce non lo \u00e8 mai stata cos\u00ec tanto. Parti in sella al tuo cavallo alla scoperta (lenta) dei pi\u00f9 bei paesaggi italiani. Viaggia ascoltando il respiro del tuo compagno di viaggio\u00a0e vivi il percorso seguendo i ritmi della natura. Il turismo equestre si sta diffondendo cos\u00ec velocemente che CO.MO.DO. ha deciso di lanciare [&hellip;]<\/p>\n","protected":false},"author":76,"featured_media":32401,"comment_status":"closed","ping_status":"closed","sticky":false,"template":"","format":"standard","meta":[],"categories":[232],"tags":[1749,130,199,1806],"acf":[],"yoast_head":"<!-- This site is optimized with the Yoast SEO plugin v19.9 - https:\/\/yoast.com\/wordpress\/plugins\/seo\/ -->\n<title>Monta in sella per le giornate del Turismo Equestre - Ecobnb<\/title>\n<meta name=\"description\" content=\"Festeggia le Giornate Nazionali del Turismo Equestre, la prima edizione lanciata da CO.MO.DO. all&#039;interno del Mese della Mobilit\u00e0 Dolce!\" \/>\n<meta name=\"robots\" content=\"index, follow, max-snippet:-1, max-image-preview:large, max-video-preview:-1\" \/>\n<link rel=\"canonical\" href=\"https:\/\/ecobnb.it\/blog\/2018\/05\/giornate-turismo-equestre\/\" \/>\n<meta property=\"og:locale\" content=\"it_IT\" \/>\n<meta property=\"og:type\" content=\"article\" \/>\n<meta property=\"og:title\" content=\"Monta in sella per le giornate del Turismo Equestre - Ecobnb\" \/>\n<meta property=\"og:description\" content=\"Festeggia le Giornate Nazionali del Turismo Equestre, la prima edizione lanciata da CO.MO.DO. all&#039;interno del Mese della Mobilit\u00e0 Dolce!\" \/>\n<meta property=\"og:url\" content=\"https:\/\/ecobnb.it\/blog\/2018\/05\/giornate-turismo-equestre\/\" \/>\n<meta property=\"og:site_name\" content=\"Ecobnb\" \/>\n<meta property=\"article:publisher\" content=\"https:\/\/www.facebook.com\/viaggiverdi\" \/>\n<meta property=\"article:published_time\" content=\"2018-05-20T07:02:41+00:00\" \/>\n<meta property=\"article:modified_time\" content=\"2018-06-04T07:18:09+00:00\" \/>\n<meta property=\"og:image\" content=\"https:\/\/ecobnb.it\/blog\/app\/uploads\/sites\/2\/2018\/05\/giornate-turismo-equestre.jpg\" \/>\n\t<meta property=\"og:image:width\" content=\"1170\" \/>\n\t<meta property=\"og:image:height\" content=\"490\" \/>\n\t<meta property=\"og:image:type\" content=\"image\/jpeg\" \/>\n<meta name=\"author\" content=\"Silvia Gandolfi\" \/>\n<meta name=\"twitter:label1\" content=\"Written by\" \/>\n\t<meta name=\"twitter:data1\" content=\"Silvia Gandolfi\" \/>\n\t<meta name=\"twitter:label2\" content=\"Est. reading time\" \/>\n\t<meta name=\"twitter:data2\" content=\"3 minutes\" \/>\n<!-- \/ Yoast SEO plugin. -->","yoast_head_json":{"title":"Monta in sella per le giornate del Turismo Equestre - Ecobnb","description":"Festeggia le Giornate Nazionali del Turismo Equestre, la prima edizione lanciata da CO.MO.DO. all'interno del Mese della Mobilit\u00e0 Dolce!","robots":{"index":"index","follow":"follow","max-snippet":"max-snippet:-1","max-image-preview":"max-image-preview:large","max-video-preview":"max-video-preview:-1"},"canonical":"https:\/\/ecobnb.it\/blog\/2018\/05\/giornate-turismo-equestre\/","og_locale":"it_IT","og_type":"article","og_title":"Monta in sella per le giornate del Turismo Equestre - Ecobnb","og_description":"Festeggia le Giornate Nazionali del Turismo Equestre, la prima edizione lanciata da CO.MO.DO. all'interno del Mese della Mobilit\u00e0 Dolce!","og_url":"https:\/\/ecobnb.it\/blog\/2018\/05\/giornate-turismo-equestre\/","og_site_name":"Ecobnb","article_publisher":"https:\/\/www.facebook.com\/viaggiverdi","article_published_time":"2018-05-20T07:02:41+00:00","article_modified_time":"2018-06-04T07:18:09+00:00","og_image":[{"width":1170,"height":490,"url":"https:\/\/ecobnb.it\/blog\/app\/uploads\/sites\/2\/2018\/05\/giornate-turismo-equestre.jpg","type":"image\/jpeg"}],"author":"Silvia Gandolfi","twitter_misc":{"Written by":"Silvia Gandolfi","Est. reading time":"3 minutes"},"schema":{"@context":"https:\/\/schema.org","@graph":[{"@type":"Article","@id":"https:\/\/ecobnb.it\/blog\/2018\/05\/giornate-turismo-equestre\/#article","isPartOf":{"@id":"https:\/\/ecobnb.it\/blog\/2018\/05\/giornate-turismo-equestre\/"},"author":{"name":"Silvia Gandolfi","@id":"https:\/\/ecobnb.it\/blog\/#\/schema\/person\/c8d7d7e608af21caa840c7fe06cab7cd"},"headline":"Monta in sella per le giornate del Turismo Equestre","datePublished":"2018-05-20T07:02:41+00:00","dateModified":"2018-06-04T07:18:09+00:00","mainEntityOfPage":{"@id":"https:\/\/ecobnb.it\/blog\/2018\/05\/giornate-turismo-equestre\/"},"wordCount":673,"publisher":{"@id":"https:\/\/ecobnb.it\/blog\/#organization"},"keywords":["cavalli","mobilit\u00e0 dolce","turismo sostenibile","viaggi verdi"],"articleSection":["news ed eventi"],"inLanguage":"it-IT"},{"@type":"WebPage","@id":"https:\/\/ecobnb.it\/blog\/2018\/05\/giornate-turismo-equestre\/","url":"https:\/\/ecobnb.it\/blog\/2018\/05\/giornate-turismo-equestre\/","name":"Monta in sella per le giornate del Turismo Equestre - Ecobnb","isPartOf":{"@id":"https:\/\/ecobnb.it\/blog\/#website"},"datePublished":"2018-05-20T07:02:41+00:00","dateModified":"2018-06-04T07:18:09+00:00","description":"Festeggia le Giornate Nazionali del Turismo Equestre, la prima edizione lanciata da CO.MO.DO. all'interno del Mese della Mobilit\u00e0 Dolce!","inLanguage":"it-IT","potentialAction":[{"@type":"ReadAction","target":["https:\/\/ecobnb.it\/blog\/2018\/05\/giornate-turismo-equestre\/"]}]},{"@type":"WebSite","@id":"https:\/\/ecobnb.it\/blog\/#website","url":"https:\/\/ecobnb.it\/blog\/","name":"Ecobnb","description":"Trova il tuo Alloggio Ecosostenibile","publisher":{"@id":"https:\/\/ecobnb.it\/blog\/#organization"},"potentialAction":[{"@type":"SearchAction","target":{"@type":"EntryPoint","urlTemplate":"https:\/\/ecobnb.it\/blog\/?s={search_term_string}"},"query-input":"required name=search_term_string"}],"inLanguage":"it-IT"},{"@type":"Organization","@id":"https:\/\/ecobnb.it\/blog\/#organization","name":"Ecobnb","url":"https:\/\/ecobnb.it\/blog\/","logo":{"@type":"ImageObject","inLanguage":"it-IT","@id":"https:\/\/ecobnb.it\/blog\/#\/schema\/logo\/image\/","url":"https:\/\/ecobnb.it\/blog\/app\/uploads\/sites\/2\/2016\/03\/logo_transparent_512x512.png","contentUrl":"https:\/\/ecobnb.it\/blog\/app\/uploads\/sites\/2\/2016\/03\/logo_transparent_512x512.png","width":512,"height":512,"caption":"Ecobnb"},"image":{"@id":"https:\/\/ecobnb.it\/blog\/#\/schema\/logo\/image\/"},"sameAs":["https:\/\/www.facebook.com\/viaggiverdi"]},{"@type":"Person","@id":"https:\/\/ecobnb.it\/blog\/#\/schema\/person\/c8d7d7e608af21caa840c7fe06cab7cd","name":"Silvia Gandolfi","image":{"@type":"ImageObject","inLanguage":"it-IT","@id":"https:\/\/ecobnb.it\/blog\/#\/schema\/person\/image\/","url":"https:\/\/secure.gravatar.com\/avatar\/539a33e4b722fed540cd47e6fdc9b63b?s=96&d=monsterid&r=g","contentUrl":"https:\/\/secure.gravatar.com\/avatar\/539a33e4b722fed540cd47e6fdc9b63b?s=96&d=monsterid&r=g","caption":"Silvia Gandolfi"},"description":"Hi everybody! I am Silvia, a 21-year-old girl studying Foreign Languages in Trento. To travel is what I like the most: I\u2019d love to do it for the rest of my life. In my free time I enjoy playing sports or looking for something new to do with my friends. I think it is important to live a life respecting nature and the world around us.","url":"https:\/\/ecobnb.it\/blog\/author\/silviagandolfi\/"}]}},"_links":{"self":[{"href":"https:\/\/ecobnb.it\/blog\/wp-json\/wp\/v2\/posts\/32227"}],"collection":[{"href":"https:\/\/ecobnb.it\/blog\/wp-json\/wp\/v2\/posts"}],"about":[{"href":"https:\/\/ecobnb.it\/blog\/wp-json\/wp\/v2\/types\/post"}],"author":[{"embeddable":true,"href":"https:\/\/ecobnb.it\/blog\/wp-json\/wp\/v2\/users\/76"}],"replies":[{"embeddable":true,"href":"https:\/\/ecobnb.it\/blog\/wp-json\/wp\/v2\/comments?post=32227"}],"version-history":[{"count":9,"href":"https:\/\/ecobnb.it\/blog\/wp-json\/wp\/v2\/posts\/32227\/revisions"}],"predecessor-version":[{"id":32404,"href":"https:\/\/ecobnb.it\/blog\/wp-json\/wp\/v2\/posts\/32227\/revisions\/32404"}],"wp:featuredmedia":[{"embeddable":true,"href":"https:\/\/ecobnb.it\/blog\/wp-json\/wp\/v2\/media\/32401"}],"wp:attachment":[{"href":"https:\/\/ecobnb.it\/blog\/wp-json\/wp\/v2\/media?parent=32227"}],"wp:term":[{"taxonomy":"category","embeddable":true,"href":"https:\/\/ecobnb.it\/blog\/wp-json\/wp\/v2\/categories?post=32227"},{"taxonomy":"post_tag","embeddable":true,"href":"https:\/\/ecobnb.it\/blog\/wp-json\/wp\/v2\/tags?post=32227"}],"curies":[{"name":"wp","href":"https:\/\/api.w.org\/{rel}","templated":true}]}}